{"id":10260,"date":"2022-12-12T10:52:13","date_gmt":"2022-12-12T15:52:13","guid":{"rendered":"https:\/\/www.amchambaq.com\/?p=10260"},"modified":"2022-12-12T10:52:13","modified_gmt":"2022-12-12T15:52:13","slug":"inicia-primera-recta-final-de-la-concertacion-del-minimo-para-2023","status":"publish","type":"post","link":"https:\/\/www.amchambaq.com\/en\/inicia-primera-recta-final-de-la-concertacion-del-minimo-para-2023\/","title":{"rendered":"Inicia &#8216;primera recta final&#8217; de la concertaci\u00f3n del m\u00ednimo para 2023"},"content":{"rendered":"<p>Este lunes 12 de diciembre inici\u00f3 la &#8216;primera recta final&#8217; para<b>\u00a0llegar a una concertaci\u00f3n sobre el alza del salario m\u00ednimo para 2023.<\/b>\u00a0Desde primeras horas de la ma\u00f1ana se encuentran reunidos\u00a0gremios de la producci\u00f3n, centrales sindicales y el Gobierno Nacional.<\/p>\n<p id=\"p575483-m826-3-827\" class=\"parrafo\">Seg\u00fan la normativa, hasta\u00a0<b>el 15 de diciembre los gremios y sindicatos tienen el primer plazo para llegar a una concertaci\u00f3n sobre el aumento<\/b>.\u00a0Cuatro d\u00edas m\u00e1s tarde ser\u00e1 la presentaci\u00f3n de la salvedades de las partes y el 22 de diciembre el estudio de las misma.<\/p>\n<p>Por ahora, los empresarios no han dado su propuesta oficial sobre el alza.<\/p>\n<p id=\"p575483-m832-4-833\" class=\"parrafo\">En cuanto a los sindicatos, su propuesta fue<b>\u00a0un aumento del 20 %<\/b>\u00a0para el pr\u00f3ximo a\u00f1o. Lo que implica\u00a0un aumento de $200.000, con lo que el salario m\u00ednimo llegar\u00eda a $1\u2019200.000, mientras que el subsidio de transporte pasar\u00eda de $117.172 a $140.607.<\/p>\n<p>En caso de no llegar a una concertaci\u00f3n, el Gobierno, como es la tendencia, pasar\u00eda a decidir el aumento de forma unilateral con fecha m\u00e1xima hasta el pr\u00f3ximo 30 de diciembre.<\/p>\n<p>Tomado de: PORTAFOLIO<\/p>","protected":false},"excerpt":{"rendered":"<p>Este lunes 12 de diciembre inici\u00f3 la &#8216;primera recta final&#8217; para\u00a0llegar a una concertaci\u00f3n sobre el alza del salario m\u00ednimo para 2023.\u00a0Desde primeras horas de la ma\u00f1ana se encuentran reunidos\u00a0gremios de la producci\u00f3n, centrales sindicales y el Gobierno Nacional. Seg\u00fan la normativa, hasta\u00a0el 15 de diciembre los gremios y sindicatos tienen el primer plazo para<\/p>","protected":false},"author":1,"featured_media":10261,"comment_status":"closed","ping_status":"closed","sticky":false,"template":"","format":"standard","meta":{"footnotes":""},"categories":[342,181],"tags":[],"class_list":["post-10260","post","type-post","status-publish","format-standard","has-post-thumbnail","hentry","category-news","category-noticias"],"views":95,"_links":{"self":[{"href":"https:\/\/www.amchambaq.com\/en\/wp-json\/wp\/v2\/posts\/10260","targetHints":{"allow":["GET"]}}],"collection":[{"href":"https:\/\/www.amchambaq.com\/en\/wp-json\/wp\/v2\/posts"}],"about":[{"href":"https:\/\/www.amchambaq.com\/en\/wp-json\/wp\/v2\/types\/post"}],"author":[{"embeddable":true,"href":"https:\/\/www.amchambaq.com\/en\/wp-json\/wp\/v2\/users\/1"}],"replies":[{"embeddable":true,"href":"https:\/\/www.amchambaq.com\/en\/wp-json\/wp\/v2\/comments?post=10260"}],"version-history":[{"count":1,"href":"https:\/\/www.amchambaq.com\/en\/wp-json\/wp\/v2\/posts\/10260\/revisions"}],"predecessor-version":[{"id":10262,"href":"https:\/\/www.amchambaq.com\/en\/wp-json\/wp\/v2\/posts\/10260\/revisions\/10262"}],"wp:featuredmedia":[{"embeddable":true,"href":"https:\/\/www.amchambaq.com\/en\/wp-json\/wp\/v2\/media\/10261"}],"wp:attachment":[{"href":"https:\/\/www.amchambaq.com\/en\/wp-json\/wp\/v2\/media?parent=10260"}],"wp:term":[{"taxonomy":"category","embeddable":true,"href":"https:\/\/www.amchambaq.com\/en\/wp-json\/wp\/v2\/categories?post=10260"},{"taxonomy":"post_tag","embeddable":true,"href":"https:\/\/www.amchambaq.com\/en\/wp-json\/wp\/v2\/tags?post=10260"}],"curies":[{"name":"wp","href":"https:\/\/api.w.org\/{rel}","templated":true}]}}