{"id":10230,"date":"2022-12-05T09:10:41","date_gmt":"2022-12-05T14:10:41","guid":{"rendered":"https:\/\/www.amchambaq.com\/?p=10230"},"modified":"2022-12-05T09:10:41","modified_gmt":"2022-12-05T14:10:41","slug":"con-dato-de-inflacion-arranca-la-discusion-del-salario-minimo-de-2023","status":"publish","type":"post","link":"https:\/\/www.amchambaq.com\/en\/con-dato-de-inflacion-arranca-la-discusion-del-salario-minimo-de-2023\/","title":{"rendered":"Con dato de inflaci\u00f3n, arranca la discusi\u00f3n del salario m\u00ednimo de 2023"},"content":{"rendered":"<p>Este lunes 05 de diciembre inici\u00f3 la tercera jornada para la concertaci\u00f3n del <a href=\"https:\/\/www.portafolio.co\/negocios\/empresas\/algunos-gremios-destapan-sus-cartas-para-el-salario-minimo-575119\" target=\"_blank\" rel=\"noopener\">salario m\u00ednimo 2023<\/a>. Aunque hubo dos sesiones anteriores, en las que se estableci\u00f3 el cronograma y se dieron a conocer las metodolog\u00edas de productividad, solo hasta hoy\u00a0<b>las partes tienen sobre la mesa los datos de inflaci\u00f3n y productividad reales,<\/b>\u00a0elementos clave para la negociaci\u00f3n.<\/p>\n<p>A la discusi\u00f3n asisten representantes del\u00a0<b>gobierno Nacional, gremios y centrales obreras.<\/b><\/p>\n<p>Seg\u00fan inform\u00f3 este lunes el Dane, la\u00a0<b>inflaci\u00f3n anual en el pa\u00eds se ubic\u00f3 en 12,53 %<\/b>, la m\u00e1s alta en 23 a\u00f1os. Por su parte, la semana pasada se estableci\u00f3 que<b>\u00a0la productividad es de\u00a01,24 %,<\/b>\u00a0cifra adoptada\u00a0en la metodolog\u00eda LAC-Klems.<\/p>\n<p id=\"p575139-m446-7-447\" class=\"parrafo\">Ya varios gremios han empezado a destapar sus cartas, pues tanto Acopi, que agrupa a los microempresarios, como Asobancaria, consideran que el aumento deber\u00eda ser en l\u00ednea con la f\u00f3rmula de inflaci\u00f3n m\u00e1s productividad.<\/p>\n<p id=\"p575139-m452-8-453\" class=\"parrafo\">Centros de estudio como Fedesarrollo consideran que el aumento del salario m\u00ednimo para 2023 deber\u00eda ser de 13,5%.<\/p>\n<p id=\"p575139-m458-9-459\" class=\"parrafo\">Tomado de: PORTAFOLIO<\/p>","protected":false},"excerpt":{"rendered":"<p>Este lunes 05 de diciembre inici\u00f3 la tercera jornada para la concertaci\u00f3n del salario m\u00ednimo 2023. Aunque hubo dos sesiones anteriores, en las que se estableci\u00f3 el cronograma y se dieron a conocer las metodolog\u00edas de productividad, solo hasta hoy\u00a0las partes tienen sobre la mesa los datos de inflaci\u00f3n y productividad reales,\u00a0elementos clave para la<\/p>","protected":false},"author":1,"featured_media":10231,"comment_status":"closed","ping_status":"closed","sticky":false,"template":"","format":"standard","meta":{"footnotes":""},"categories":[342,181],"tags":[],"class_list":["post-10230","post","type-post","status-publish","format-standard","has-post-thumbnail","hentry","category-news","category-noticias"],"views":80,"_links":{"self":[{"href":"https:\/\/www.amchambaq.com\/en\/wp-json\/wp\/v2\/posts\/10230","targetHints":{"allow":["GET"]}}],"collection":[{"href":"https:\/\/www.amchambaq.com\/en\/wp-json\/wp\/v2\/posts"}],"about":[{"href":"https:\/\/www.amchambaq.com\/en\/wp-json\/wp\/v2\/types\/post"}],"author":[{"embeddable":true,"href":"https:\/\/www.amchambaq.com\/en\/wp-json\/wp\/v2\/users\/1"}],"replies":[{"embeddable":true,"href":"https:\/\/www.amchambaq.com\/en\/wp-json\/wp\/v2\/comments?post=10230"}],"version-history":[{"count":1,"href":"https:\/\/www.amchambaq.com\/en\/wp-json\/wp\/v2\/posts\/10230\/revisions"}],"predecessor-version":[{"id":10232,"href":"https:\/\/www.amchambaq.com\/en\/wp-json\/wp\/v2\/posts\/10230\/revisions\/10232"}],"wp:featuredmedia":[{"embeddable":true,"href":"https:\/\/www.amchambaq.com\/en\/wp-json\/wp\/v2\/media\/10231"}],"wp:attachment":[{"href":"https:\/\/www.amchambaq.com\/en\/wp-json\/wp\/v2\/media?parent=10230"}],"wp:term":[{"taxonomy":"category","embeddable":true,"href":"https:\/\/www.amchambaq.com\/en\/wp-json\/wp\/v2\/categories?post=10230"},{"taxonomy":"post_tag","embeddable":true,"href":"https:\/\/www.amchambaq.com\/en\/wp-json\/wp\/v2\/tags?post=10230"}],"curies":[{"name":"wp","href":"https:\/\/api.w.org\/{rel}","templated":true}]}}