{"id":10214,"date":"2022-12-01T16:37:38","date_gmt":"2022-12-01T21:37:38","guid":{"rendered":"https:\/\/www.amchambaq.com\/?p=10214"},"modified":"2022-12-01T16:37:38","modified_gmt":"2022-12-01T21:37:38","slug":"el-minimo-se-negociara-con-una-productividad-de-124","status":"publish","type":"post","link":"https:\/\/www.amchambaq.com\/en\/el-minimo-se-negociara-con-una-productividad-de-124\/","title":{"rendered":"El m\u00ednimo se negociar\u00e1 con una productividad de 1,24 %"},"content":{"rendered":"<p>El \u00edndice de productividad que se tomar\u00e1 en cuenta en la negociaci\u00f3n del aumento del salario m\u00ednimo para el pr\u00f3ximo a\u00f1o qued\u00f3 en 1,24 %.<\/p>\n<p>Este es uno de los insumos fundamentales para determinar el aumento del m\u00ednimo y por ello la primera etapa de la concertaci\u00f3n comenz\u00f3 por definir el valor del indicador, tarea a cargo del DANE.<\/p>\n<p>Los otros factores que se consideran en este proceso son el Producto Interno Bruto (PIB) y la proyecci\u00f3n de la inflaci\u00f3n para este a\u00f1o y el siguiente.<\/p>\n<p>Es as\u00ed como el incremento del m\u00ednimo para el pr\u00f3ximo a\u00f1o arrancar\u00eda desde un 13 % aproximadamente al sumar la inflaci\u00f3n proyectada para cierre de este a\u00f1o (11,8 %) y la productividad (1,24 %).<\/p>\n<p>En sesi\u00f3n de la subcomisi\u00f3n de productividad realizada este jueves se analizaron tres metodolog\u00edas para definir el indicador de productividad.<\/p>\n<p>\u201cDe manera unificada se ha acordado asumir como metodolog\u00eda La klems, que nos da los par\u00e1metros para trabajar la Productividad Total de los Factores (PTF) como un elemento esencial para la conformaci\u00f3n e integraci\u00f3n del salario m\u00ednimo\u201d, dijo la ministra del Trabajo, Gloria In\u00e9s Ram\u00edrez.<\/p>\n<p>A su vez a directora del DANE, Piedad Urdinola, sostuvo que a la mesa se llev\u00f3 una medida mucho m\u00e1s refinada que la Productividad Total de los Factores.<\/p>\n<p>\u201cTrajimos la productividad total del trabajo que es el que se asocia directamente a lo que estamos negociando, para lo cual se presentaron dos cifras productividad laboral por hora trabajada 0,67 % y la productividad laboral por persona empleada, que es de 0,8 %\u201d, detall\u00f3.<\/p>\n<p>Por su parte, el presidente de la SAC, Jorge Bedoya, asegur\u00f3 que \u201ca nosotros nos gusta decir que vamos es a concertar y no a negociar el salario m\u00ednimo. Lo que se ha hecho hoy con el tripartismo, nos llena de buen esp\u00edritu para llegar a la mesa de concertaci\u00f3n la pr\u00f3xima semana y buscar, ojal\u00e1 de la manera m\u00e1s calmada y con mayor solidaridad que encontremos un consenso\u201d.<\/p>\n<p>Para el vicepresidente de la Confederaci\u00f3n de Trabajadores de Colombia, CTC, Ruggero P\u00e9rez, las centrales obreras, est\u00e1n tranquilas viendo una posici\u00f3n pol\u00edtica del Gobierno \u201cque apunta a recuperar el salario de los trabajadores en Colombia\u201d.<\/p>\n<p>La ministra Ram\u00edrez conform\u00f3 que el pr\u00f3ximo lunes 5 de diciembre sesionar\u00e1 la Comisi\u00f3n de Concertaci\u00f3n de Pol\u00edticas Salariales y Laborales y se presentar\u00e1n informes de mercado laboral, productividad y contexto macroecon\u00f3mico.<\/p>\n<p>Tomado de: EL HERALDO<\/p>","protected":false},"excerpt":{"rendered":"<p>El \u00edndice de productividad que se tomar\u00e1 en cuenta en la negociaci\u00f3n del aumento del salario m\u00ednimo para el pr\u00f3ximo a\u00f1o qued\u00f3 en 1,24 %. Este es uno de los insumos fundamentales para determinar el aumento del m\u00ednimo y por ello la primera etapa de la concertaci\u00f3n comenz\u00f3 por definir el valor del indicador, tarea<\/p>","protected":false},"author":1,"featured_media":10215,"comment_status":"closed","ping_status":"closed","sticky":false,"template":"","format":"standard","meta":{"footnotes":""},"categories":[342,181],"tags":[],"class_list":["post-10214","post","type-post","status-publish","format-standard","has-post-thumbnail","hentry","category-news","category-noticias"],"views":80,"_links":{"self":[{"href":"https:\/\/www.amchambaq.com\/en\/wp-json\/wp\/v2\/posts\/10214","targetHints":{"allow":["GET"]}}],"collection":[{"href":"https:\/\/www.amchambaq.com\/en\/wp-json\/wp\/v2\/posts"}],"about":[{"href":"https:\/\/www.amchambaq.com\/en\/wp-json\/wp\/v2\/types\/post"}],"author":[{"embeddable":true,"href":"https:\/\/www.amchambaq.com\/en\/wp-json\/wp\/v2\/users\/1"}],"replies":[{"embeddable":true,"href":"https:\/\/www.amchambaq.com\/en\/wp-json\/wp\/v2\/comments?post=10214"}],"version-history":[{"count":1,"href":"https:\/\/www.amchambaq.com\/en\/wp-json\/wp\/v2\/posts\/10214\/revisions"}],"predecessor-version":[{"id":10216,"href":"https:\/\/www.amchambaq.com\/en\/wp-json\/wp\/v2\/posts\/10214\/revisions\/10216"}],"wp:featuredmedia":[{"embeddable":true,"href":"https:\/\/www.amchambaq.com\/en\/wp-json\/wp\/v2\/media\/10215"}],"wp:attachment":[{"href":"https:\/\/www.amchambaq.com\/en\/wp-json\/wp\/v2\/media?parent=10214"}],"wp:term":[{"taxonomy":"category","embeddable":true,"href":"https:\/\/www.amchambaq.com\/en\/wp-json\/wp\/v2\/categories?post=10214"},{"taxonomy":"post_tag","embeddable":true,"href":"https:\/\/www.amchambaq.com\/en\/wp-json\/wp\/v2\/tags?post=10214"}],"curies":[{"name":"wp","href":"https:\/\/api.w.org\/{rel}","templated":true}]}}