{"id":10202,"date":"2022-11-29T09:01:17","date_gmt":"2022-11-29T14:01:17","guid":{"rendered":"https:\/\/www.amchambaq.com\/?p=10202"},"modified":"2022-11-29T09:01:17","modified_gmt":"2022-11-29T14:01:17","slug":"aliadas-le-solicita-al-gobierno-nacional-mantener-el-tercer-dia-sin-iva","status":"publish","type":"post","link":"https:\/\/www.amchambaq.com\/en\/aliadas-le-solicita-al-gobierno-nacional-mantener-el-tercer-dia-sin-iva\/","title":{"rendered":"ALIADAS le solicita al Gobierno nacional mantener el tercer D\u00eda sin IVA"},"content":{"rendered":"<p>ALIADAS, la alianza de 39 asociaciones y gremios empresariales, le solicit\u00f3 al Gobierno nacional mantener el tercer d\u00eda sin IVA, previsto para el 2 de diciembre del presente a\u00f1o.<\/p>\n<p>La Alianza manifest\u00f3 su preocupaci\u00f3n con la propuesta de decreto que elimina la \u00faltima jornada sin IVA de este a\u00f1o porque generar\u00eda un impacto negativo en el ecosistema productivo del pa\u00eds.<\/p>\n<p>El sector de comercio, los productores, el comercio electr\u00f3nico y los anunciantes ya ten\u00edan previsto la realizaci\u00f3n de la jornada luego de que la reforma tributaria, aprobada recientemente, mantuviera vigente el D\u00eda sin IVA para un variado grupo de productos.<\/p>\n<p>Tambi\u00e9n se afectar\u00eda a los\u00a0 consumidores quienes se estaban preparando para realizar sus compras en v\u00edsperas de Navidad buscando un ahorro dentro de una coyuntura econ\u00f3mica global compleja.<\/p>\n<p>\u201cLa jornada del D\u00eda sin IVA representa un alivio para los millones de hogares que enfrentan un aumento generalizado de los precios de los productos que este a\u00f1o alcanzan, al cierre de octubre, un aumento del 12,22 %, el m\u00e1s alto registrado en los \u00faltimos 23 a\u00f1os\u201d, asegur\u00f3 Mar\u00eda Claudia Lacouture, presidenta de ALIADAS.<\/p>\n<p>El d\u00eda sin IVA es una de las herramientas que seg\u00fan el DANE ayuda a mitigar la inflaci\u00f3n, pues presiona a la baja los precios de los productos en distintos sectores y permite a un gran n\u00famero de hogares acceder a productos que normalmente no podr\u00edan adquirir.<\/p>\n<p>Expectativa razonable<\/p>\n<p>La cancelaci\u00f3n de la jornada causa un da\u00f1o injustificado por parte del Estado tanto a los consumidores y los comercios que confiaron leg\u00edtimamente y de buena fe que no variar\u00edan las circunstancias respecto al \u00faltimo D\u00eda sin IVA de este a\u00f1o. La Corte Constitucional ha manifestado que el principio de confianza leg\u00edtima protege situaciones en las cuales el administrado tiene expectativas leg\u00edtimas.<\/p>\n<p>Derogar la jornada a menos de una semana de su realizaci\u00f3n genera un impacto directo en los diferentes sectores que ya cuentan con una preparaci\u00f3n previa en t\u00e9rminos de infraestructura, facturaci\u00f3n electr\u00f3nica, inventarios y log\u00edstica, incurriendo en distintas inversiones en aras de cumplir con los requisitos t\u00e9cnicos y regulatorios determinados por el Gobierno nacional.<\/p>\n<p>Finalmente, ALIADAS advierte que la eliminaci\u00f3n del D\u00eda sin IVA afectar\u00e1 al comercio electr\u00f3nico, las campa\u00f1as publicitarias, las promociones previstas para ese d\u00eda, y al consumidor que es el m\u00e1s beneficiado con el desarrollo de estas jornadas.<\/p>\n<p>Tomado de: AMCHAM COLOMBIA<\/p>","protected":false},"excerpt":{"rendered":"<p>ALIADAS, la alianza de 39 asociaciones y gremios empresariales, le solicit\u00f3 al Gobierno nacional mantener el tercer d\u00eda sin IVA, previsto para el 2 de diciembre del presente a\u00f1o. La Alianza manifest\u00f3 su preocupaci\u00f3n con la propuesta de decreto que elimina la \u00faltima jornada sin IVA de este a\u00f1o porque generar\u00eda un impacto negativo en<\/p>","protected":false},"author":1,"featured_media":10203,"comment_status":"closed","ping_status":"closed","sticky":false,"template":"","format":"standard","meta":{"footnotes":""},"categories":[342,181],"tags":[],"class_list":["post-10202","post","type-post","status-publish","format-standard","has-post-thumbnail","hentry","category-news","category-noticias"],"views":80,"_links":{"self":[{"href":"https:\/\/www.amchambaq.com\/en\/wp-json\/wp\/v2\/posts\/10202","targetHints":{"allow":["GET"]}}],"collection":[{"href":"https:\/\/www.amchambaq.com\/en\/wp-json\/wp\/v2\/posts"}],"about":[{"href":"https:\/\/www.amchambaq.com\/en\/wp-json\/wp\/v2\/types\/post"}],"author":[{"embeddable":true,"href":"https:\/\/www.amchambaq.com\/en\/wp-json\/wp\/v2\/users\/1"}],"replies":[{"embeddable":true,"href":"https:\/\/www.amchambaq.com\/en\/wp-json\/wp\/v2\/comments?post=10202"}],"version-history":[{"count":1,"href":"https:\/\/www.amchambaq.com\/en\/wp-json\/wp\/v2\/posts\/10202\/revisions"}],"predecessor-version":[{"id":10204,"href":"https:\/\/www.amchambaq.com\/en\/wp-json\/wp\/v2\/posts\/10202\/revisions\/10204"}],"wp:featuredmedia":[{"embeddable":true,"href":"https:\/\/www.amchambaq.com\/en\/wp-json\/wp\/v2\/media\/10203"}],"wp:attachment":[{"href":"https:\/\/www.amchambaq.com\/en\/wp-json\/wp\/v2\/media?parent=10202"}],"wp:term":[{"taxonomy":"category","embeddable":true,"href":"https:\/\/www.amchambaq.com\/en\/wp-json\/wp\/v2\/categories?post=10202"},{"taxonomy":"post_tag","embeddable":true,"href":"https:\/\/www.amchambaq.com\/en\/wp-json\/wp\/v2\/tags?post=10202"}],"curies":[{"name":"wp","href":"https:\/\/api.w.org\/{rel}","templated":true}]}}