{"id":10196,"date":"2022-11-28T09:51:41","date_gmt":"2022-11-28T14:51:41","guid":{"rendered":"https:\/\/www.amchambaq.com\/?p=10196"},"modified":"2022-11-28T09:51:41","modified_gmt":"2022-11-28T14:51:41","slug":"fendipetroleo-se-compromete-a-cooperar-en-la-transicion-energetica-del-pais","status":"publish","type":"post","link":"https:\/\/www.amchambaq.com\/en\/fendipetroleo-se-compromete-a-cooperar-en-la-transicion-energetica-del-pais\/","title":{"rendered":"Fendipetr\u00f3leo se compromete a cooperar en la transici\u00f3n energ\u00e9tica del pa\u00eds"},"content":{"rendered":"<p>El presidente de Fendipetr\u00f3leo, Juan Carlos V\u00e9lez, anunci\u00f3 de manera oficial el\u00a0<strong>compromiso del sector\u00a0<\/strong>con la transici\u00f3n energ\u00e9tica del pa\u00eds y hace un llamado al Gobierno nacional para articular las acciones necesarias para llevarla a cabo.<\/p>\n<p>\u201cEs a trav\u00e9s de ellas que se garantiza la movilidad de Colombia, que a su vez permite la\u00a0<strong>din\u00e1mica\u00a0<\/strong>de nuestra econom\u00eda\u201d sostuvo V\u00e9lez.<\/p>\n<p>Agreg\u00f3 que es indispensable el acercamiento del\u00a0<strong>Gobierno al sector\u00a0<\/strong>empresarial que ya cuenta con la infraestructura, para la carga de los\u00a0<strong>veh\u00edculos el\u00e9ctricos<\/strong>, que en la actualidad est\u00e1n circunscritos a las ciudades principales ante la falta de una red de estaciones para suministro de energ\u00eda.<\/p>\n<p>V\u00e9lez record\u00f3 que hoy por hoy en dichas estaciones existen ya sitios para el\u00a0<strong>expendio de GLP\u00a0<\/strong>o Autogas, GNV Gas Natural vehicular, electrolineras y\u00a0 se avanza en lo relacionado con el establecimiento de las primeras hidrolineras en el pa\u00eds, es decir sitios donde se va a\u00a0<strong>expender hidr\u00f3geno\u00a0<\/strong>verde.<\/p>\n<p>\u201cLa infraestructura, que ya existe es necesaria para la\u00a0<strong>transici\u00f3n energ\u00e9tica<\/strong>. En Colombia hoy en d\u00eda\u00a0<strong>recorrer las regiones\u00a0<\/strong>o trasladarse de una ciudad a otra en un veh\u00edculo el\u00e9ctrico, es pr\u00e1cticamente imposible\u201d, expres\u00f3 el dirigente gremial.<\/p>\n<p>V\u00e9lez se mostr\u00f3 preocupado por el aumento del costo operativo de las\u00a0<strong>estaciones<\/strong>, derivado de la implementaci\u00f3n del nuevo reglamento t\u00e9cnico que implica que los empresarios hagan una inversi\u00f3n del orden de los $200 millones por estaci\u00f3n en los pr\u00f3ximos dos a\u00f1os, costos como la facturaci\u00f3n electr\u00f3nica, las tasas de la Creg y las\u00a0<strong>regulaciones ambientales<\/strong>.<\/p>\n<p>A su vez, el presidente de Fendipetr\u00f3leo explic\u00f3 el\u00a0<strong>impacto\u00a0<\/strong>que tendr\u00eda la reforma laboral proyectada en el pa\u00eds en los costos operativos de las estaciones de servicio.<\/p>\n<p>\u201cUna reforma laboral que implique un aumento importante en los costos laborales, puede generar que se\u00a0<strong>presenten\u00a0<\/strong>procesos de automatizaci\u00f3n como los que existen en otros pa\u00edses. En Europa o en Estados Unidos no hay isleros, no hay personas que le suministren a uno el\u00a0<strong>combustible\u00a0<\/strong>al veh\u00edculo precisamente por los altos costos laborales que implica contratar a esas personas\u201d, dijo V\u00e9lez.<\/p>\n<p>A\u00f1adi\u00f3 que esta situaci\u00f3n que pone en riesgo\u00a0<strong>alrededor\u00a0<\/strong>de 40 empleos generados en las gasolineras del pa\u00eds.<\/p>\n<p>Tomado de: EL HERALDO<\/p>","protected":false},"excerpt":{"rendered":"<p>El presidente de Fendipetr\u00f3leo, Juan Carlos V\u00e9lez, anunci\u00f3 de manera oficial el\u00a0compromiso del sector\u00a0con la transici\u00f3n energ\u00e9tica del pa\u00eds y hace un llamado al Gobierno nacional para articular las acciones necesarias para llevarla a cabo. \u201cEs a trav\u00e9s de ellas que se garantiza la movilidad de Colombia, que a su vez permite la\u00a0din\u00e1mica\u00a0de nuestra econom\u00eda\u201d<\/p>","protected":false},"author":1,"featured_media":10197,"comment_status":"closed","ping_status":"closed","sticky":false,"template":"","format":"standard","meta":{"footnotes":""},"categories":[342,181],"tags":[],"class_list":["post-10196","post","type-post","status-publish","format-standard","has-post-thumbnail","hentry","category-news","category-noticias"],"views":98,"_links":{"self":[{"href":"https:\/\/www.amchambaq.com\/en\/wp-json\/wp\/v2\/posts\/10196","targetHints":{"allow":["GET"]}}],"collection":[{"href":"https:\/\/www.amchambaq.com\/en\/wp-json\/wp\/v2\/posts"}],"about":[{"href":"https:\/\/www.amchambaq.com\/en\/wp-json\/wp\/v2\/types\/post"}],"author":[{"embeddable":true,"href":"https:\/\/www.amchambaq.com\/en\/wp-json\/wp\/v2\/users\/1"}],"replies":[{"embeddable":true,"href":"https:\/\/www.amchambaq.com\/en\/wp-json\/wp\/v2\/comments?post=10196"}],"version-history":[{"count":1,"href":"https:\/\/www.amchambaq.com\/en\/wp-json\/wp\/v2\/posts\/10196\/revisions"}],"predecessor-version":[{"id":10198,"href":"https:\/\/www.amchambaq.com\/en\/wp-json\/wp\/v2\/posts\/10196\/revisions\/10198"}],"wp:featuredmedia":[{"embeddable":true,"href":"https:\/\/www.amchambaq.com\/en\/wp-json\/wp\/v2\/media\/10197"}],"wp:attachment":[{"href":"https:\/\/www.amchambaq.com\/en\/wp-json\/wp\/v2\/media?parent=10196"}],"wp:term":[{"taxonomy":"category","embeddable":true,"href":"https:\/\/www.amchambaq.com\/en\/wp-json\/wp\/v2\/categories?post=10196"},{"taxonomy":"post_tag","embeddable":true,"href":"https:\/\/www.amchambaq.com\/en\/wp-json\/wp\/v2\/tags?post=10196"}],"curies":[{"name":"wp","href":"https:\/\/api.w.org\/{rel}","templated":true}]}}