{"id":10159,"date":"2022-11-09T09:22:08","date_gmt":"2022-11-09T14:22:08","guid":{"rendered":"https:\/\/www.amchambaq.com\/?p=10159"},"modified":"2022-11-09T09:22:08","modified_gmt":"2022-11-09T14:22:08","slug":"27-empresarios-viajan-a-venezuela-en-mision-exploratoria-de-negocios-liderada-por-amcham-colombia","status":"publish","type":"post","link":"https:\/\/www.amchambaq.com\/en\/27-empresarios-viajan-a-venezuela-en-mision-exploratoria-de-negocios-liderada-por-amcham-colombia\/","title":{"rendered":"27 empresarios viajan a Venezuela en misi\u00f3n exploratoria de negocios liderada por AmCham Colombia"},"content":{"rendered":"<p>Un grupo de 27 empresarios viajaron este martes a Caracas para participar de una misi\u00f3n exploratoria de negocios, liderada por la C\u00e1mara de Comercio Colombo Americana, AmCham Colombia y que durar\u00e1 toda la semana.<\/p>\n<p>\u201cLos empresarios tienen \u00ad\u00adinter\u00e9s verdadero en contribuir a reestablecer las l\u00edneas comerciales e invertir en reestructuraci\u00f3n del tejido empresarial del vecino pa\u00eds, aunque para ello ser\u00e1 necesario primero restaurar la confianza y en ese sentido la misi\u00f3n empresarial que lleva AmCham Colombia busca que las compa\u00f1\u00edas interesadas conozcan de primera mano el panorama actual de los negocios y concretar oportunidades comerciales\u201d, explic\u00f3 la presidenta de la C\u00e1mara de Comercio Colombo Americana, AmCham Colombia.<\/p>\n<p>La agenda de la misi\u00f3n incluye reuniones con empresarios venezolanos para conocer sobre oportunidades entre los diferentes sectores que participan de la misi\u00f3n y adicionalmente tener claridad sobre el actual r\u00e9gimen tributario, legal y el funcionamiento del sistema financiero en Venezuela, entre otros. \u00a0Las empresas participantes son de sectores de servicios legales, industria, farma, materiales de construcci\u00f3n, textiles y agroindustria. Adem\u00e1s, tendr\u00e1n una reuni\u00f3n con el embajador de Colombia, Armando Benedetti.<\/p>\n<p>Tambi\u00e9n habr\u00e1 reuniones con gremios venezolanos como VenAmCham, Fedec\u00e1maras, Conindustria, Consecomercio y Profranquicias. Los empresarios regresar\u00e1n a Colombia el 11 de noviembre.<\/p>","protected":false},"excerpt":{"rendered":"<p>Un grupo de 27 empresarios viajaron este martes a Caracas para participar de una misi\u00f3n exploratoria de negocios, liderada por la C\u00e1mara de Comercio Colombo Americana, AmCham Colombia y que durar\u00e1 toda la semana. \u201cLos empresarios tienen \u00ad\u00adinter\u00e9s verdadero en contribuir a reestablecer las l\u00edneas comerciales e invertir en reestructuraci\u00f3n del tejido empresarial del vecino<\/p>","protected":false},"author":1,"featured_media":10160,"comment_status":"closed","ping_status":"closed","sticky":false,"template":"","format":"standard","meta":{"footnotes":""},"categories":[342,181],"tags":[],"class_list":["post-10159","post","type-post","status-publish","format-standard","has-post-thumbnail","hentry","category-news","category-noticias"],"views":102,"_links":{"self":[{"href":"https:\/\/www.amchambaq.com\/en\/wp-json\/wp\/v2\/posts\/10159","targetHints":{"allow":["GET"]}}],"collection":[{"href":"https:\/\/www.amchambaq.com\/en\/wp-json\/wp\/v2\/posts"}],"about":[{"href":"https:\/\/www.amchambaq.com\/en\/wp-json\/wp\/v2\/types\/post"}],"author":[{"embeddable":true,"href":"https:\/\/www.amchambaq.com\/en\/wp-json\/wp\/v2\/users\/1"}],"replies":[{"embeddable":true,"href":"https:\/\/www.amchambaq.com\/en\/wp-json\/wp\/v2\/comments?post=10159"}],"version-history":[{"count":1,"href":"https:\/\/www.amchambaq.com\/en\/wp-json\/wp\/v2\/posts\/10159\/revisions"}],"predecessor-version":[{"id":10161,"href":"https:\/\/www.amchambaq.com\/en\/wp-json\/wp\/v2\/posts\/10159\/revisions\/10161"}],"wp:featuredmedia":[{"embeddable":true,"href":"https:\/\/www.amchambaq.com\/en\/wp-json\/wp\/v2\/media\/10160"}],"wp:attachment":[{"href":"https:\/\/www.amchambaq.com\/en\/wp-json\/wp\/v2\/media?parent=10159"}],"wp:term":[{"taxonomy":"category","embeddable":true,"href":"https:\/\/www.amchambaq.com\/en\/wp-json\/wp\/v2\/categories?post=10159"},{"taxonomy":"post_tag","embeddable":true,"href":"https:\/\/www.amchambaq.com\/en\/wp-json\/wp\/v2\/tags?post=10159"}],"curies":[{"name":"wp","href":"https:\/\/api.w.org\/{rel}","templated":true}]}}