{"id":10152,"date":"2022-11-03T09:14:23","date_gmt":"2022-11-03T14:14:23","guid":{"rendered":"https:\/\/www.amchambaq.com\/?p=10152"},"modified":"2022-11-03T09:14:23","modified_gmt":"2022-11-03T14:14:23","slug":"estados-unidos-sera-sede-de-la-macrorrueda-internacional-de-negocios-2022","status":"publish","type":"post","link":"https:\/\/www.amchambaq.com\/en\/estados-unidos-sera-sede-de-la-macrorrueda-internacional-de-negocios-2022\/","title":{"rendered":"Estados Unidos ser\u00e1 sede de la Macrorrueda Internacional de Negocios 2022"},"content":{"rendered":"<p id=\"viewer-b31qi\" class=\"mm8Nw _1j-51 roLFQS _1FoOD _3M0Fe Z63qyL roLFQS public-DraftStyleDefault-block-depth0 fixed-tab-size public-DraftStyleDefault-text-ltr\"><span class=\"_2PHJq public-DraftStyleDefault-ltr\">Una variada oferta de agroalimentos, qu\u00edmicos y ciencias de la vida, metalmec\u00e1nica, sistema moda e Industrias 4.0, presentar\u00e1n las cerca de 200 empresas nacionales que se reunir\u00e1n con 200 compa\u00f1\u00edas internacionales en la Macrorrueda Internacional de Negocios de Colombia en Estados Unidos, actividad que lidera el Ministerio de Comercio, Industria y Turismo con ProColombia en Houston, Texas.<\/span><\/p>\n<p id=\"viewer-5hjs4\" class=\"mm8Nw _1j-51 roLFQS _1FoOD _3M0Fe Z63qyL roLFQS public-DraftStyleDefault-block-depth0 fixed-tab-size public-DraftStyleDefault-text-ltr\"><span class=\"_2PHJq public-DraftStyleDefault-ltr\">Las jornadas empezar\u00e1n con una agenda acad\u00e9mica el 8 de noviembre, seguida por dos d\u00edas de citas de negocios, y culminan el 11 de noviembre con visitas de campo que les permitir\u00e1 a los empresarios colombianos conocer los canales de distribuci\u00f3n y comercializaci\u00f3n, de acuerdo con cada cadena productiva participante.<\/span><\/p>\n<p id=\"viewer-b7ncu\" class=\"mm8Nw _1j-51 roLFQS _1FoOD _3M0Fe Z63qyL roLFQS public-DraftStyleDefault-block-depth0 fixed-tab-size public-DraftStyleDefault-text-ltr\"><span class=\"_2PHJq public-DraftStyleDefault-ltr\">El ministro de Comercio, Industria y Turismo, Germ\u00e1n Uma\u00f1a Mendoza, destac\u00f3 que \u201cen el gobierno del presidente Gustavo Petro trabajamos para fortalecer nuestra oferta hacia los mercados externos. Queremos impulsar aquellas exportaciones con valor agregado, que incorporen progreso t\u00e9cnico y nos permitan pasar de una econom\u00eda extractivista hacia una que promueva el desarrollo sostenible de nuestro pa\u00eds\u201d. <\/span><\/p>\n<p id=\"viewer-coisg\" class=\"mm8Nw _1j-51 roLFQS _1FoOD _3M0Fe Z63qyL roLFQS public-DraftStyleDefault-block-depth0 fixed-tab-size public-DraftStyleDefault-text-ltr\"><span class=\"_2PHJq public-DraftStyleDefault-ltr\">El alto funcionario destac\u00f3 que en este sentido, su cartera avanza con varias acciones para impulsar y fortalecer a las peque\u00f1as y medianas empresas, de manera que logren integrarse en las cadenas internacionales de valor, capten inversi\u00f3n extranjera directa, y mejoren el desarrollo de la capacidad humana. En este prop\u00f3sito de gobierno, esta Macrorrueda de negocios jugar\u00e1 un papel fundamental.<\/span><\/p>\n<p id=\"viewer-1hmi6\" class=\"mm8Nw _1j-51 roLFQS _1FoOD _3M0Fe Z63qyL roLFQS public-DraftStyleDefault-block-depth0 fixed-tab-size public-DraftStyleDefault-text-ltr\"><span class=\"_2PHJq public-DraftStyleDefault-ltr\">\u201cCon esta actividad comercial multisectorial acompa\u00f1amos a los empresarios colombianos en su esfuerzo de mantener la din\u00e1mica positiva de las exportaciones no mineras con valor agregado de Colombia al mercado de Estados Unidos, al de Latinoam\u00e9rica y el Caribe. Tendr\u00e1 un foco especial en empresas mipymes provenientes de distintos departamentos del pa\u00eds, entre municipios PDET y de menos de 200.000 habitantes, y en negocios que tengan un impacto positivo en las comunidades y en el medio ambiente\u201d, manifest\u00f3 Carmen Caballero, presidenta de ProColombia.<\/span><\/p>\n<p id=\"viewer-8k147\" class=\"mm8Nw _1j-51 roLFQS _1FoOD _3M0Fe Z63qyL roLFQS public-DraftStyleDefault-block-depth0 fixed-tab-size public-DraftStyleDefault-text-ltr\"><span class=\"_2PHJq public-DraftStyleDefault-ltr\">La actividad de promoci\u00f3n tendr\u00e1 actividades complementarias como el \u201cColombia Business Conference\u201d (el 8 de noviembre), un espacio con una agenda acad\u00e9mica de temas relevantes de inter\u00e9s, tanto para compradores como para exportadores en temas de Log\u00edstica y Acceso al Mercado, Sostenibilidad, Inteligencia Artificial y Retos de Aprovisionamiento para Empresas Peque\u00f1as en EE.UU.<\/span><\/p>\n<p id=\"viewer-89hju\" class=\"mm8Nw _1j-51 roLFQS _1FoOD _3M0Fe Z63qyL roLFQS public-DraftStyleDefault-block-depth0 fixed-tab-size public-DraftStyleDefault-text-ltr\"><span class=\"_2PHJq public-DraftStyleDefault-ltr\">El 9 y 10 de noviembre tendr\u00e1n lugar las citas de negocios y el 11 ser\u00e1 el Road to Market Experiences, actividades grupales para exportadores por sector de acuerdo con las oportunidades por zona del mercado. Vale destacar que, previo a esta Macrorrueda Internacional, se est\u00e1n realizando webinars para que los empresarios entiendan mejor los pa\u00edses de Norteam\u00e9rica y las oportunidades comerciales en esta regi\u00f3n.<\/span><\/p>\n<p class=\"mm8Nw _1j-51 roLFQS _1FoOD _3M0Fe Z63qyL roLFQS public-DraftStyleDefault-block-depth0 fixed-tab-size public-DraftStyleDefault-text-ltr\"><span class=\"_2PHJq public-DraftStyleDefault-ltr\">Igualmente, se sumar\u00e1n los ejes de Inversi\u00f3n y Turismo, con una conferencia alrededor del pitch de energ\u00edas renovables, junto con experiencias sensoriales y presentaciones de Colombia como destino tur\u00edstico.<\/span><\/p>\n<div data-hook=\"rcv-block20\">Tomado de: MINCIT<\/div>\n<div id=\"viewer-4v6u2\" class=\"mm8Nw _1j-51 roLFQS _1FoOD _3M0Fe Z63qyL roLFQS public-DraftStyleDefault-block-depth0 fixed-tab-size public-DraftStyleDefault-text-ltr\"><\/div>","protected":false},"excerpt":{"rendered":"<p>Una variada oferta de agroalimentos, qu\u00edmicos y ciencias de la vida, metalmec\u00e1nica, sistema moda e Industrias 4.0, presentar\u00e1n las cerca de 200 empresas nacionales que se reunir\u00e1n con 200 compa\u00f1\u00edas internacionales en la Macrorrueda Internacional de Negocios de Colombia en Estados Unidos, actividad que lidera el Ministerio de Comercio, Industria y Turismo con ProColombia en<\/p>","protected":false},"author":1,"featured_media":10153,"comment_status":"closed","ping_status":"closed","sticky":false,"template":"","format":"standard","meta":{"footnotes":""},"categories":[181],"tags":[],"class_list":["post-10152","post","type-post","status-publish","format-standard","has-post-thumbnail","hentry","category-noticias"],"views":161,"_links":{"self":[{"href":"https:\/\/www.amchambaq.com\/en\/wp-json\/wp\/v2\/posts\/10152","targetHints":{"allow":["GET"]}}],"collection":[{"href":"https:\/\/www.amchambaq.com\/en\/wp-json\/wp\/v2\/posts"}],"about":[{"href":"https:\/\/www.amchambaq.com\/en\/wp-json\/wp\/v2\/types\/post"}],"author":[{"embeddable":true,"href":"https:\/\/www.amchambaq.com\/en\/wp-json\/wp\/v2\/users\/1"}],"replies":[{"embeddable":true,"href":"https:\/\/www.amchambaq.com\/en\/wp-json\/wp\/v2\/comments?post=10152"}],"version-history":[{"count":1,"href":"https:\/\/www.amchambaq.com\/en\/wp-json\/wp\/v2\/posts\/10152\/revisions"}],"predecessor-version":[{"id":10154,"href":"https:\/\/www.amchambaq.com\/en\/wp-json\/wp\/v2\/posts\/10152\/revisions\/10154"}],"wp:featuredmedia":[{"embeddable":true,"href":"https:\/\/www.amchambaq.com\/en\/wp-json\/wp\/v2\/media\/10153"}],"wp:attachment":[{"href":"https:\/\/www.amchambaq.com\/en\/wp-json\/wp\/v2\/media?parent=10152"}],"wp:term":[{"taxonomy":"category","embeddable":true,"href":"https:\/\/www.amchambaq.com\/en\/wp-json\/wp\/v2\/categories?post=10152"},{"taxonomy":"post_tag","embeddable":true,"href":"https:\/\/www.amchambaq.com\/en\/wp-json\/wp\/v2\/tags?post=10152"}],"curies":[{"name":"wp","href":"https:\/\/api.w.org\/{rel}","templated":true}]}}