{"id":10101,"date":"2022-10-24T08:42:52","date_gmt":"2022-10-24T13:42:52","guid":{"rendered":"https:\/\/www.amchambaq.com\/?p=10101"},"modified":"2022-10-24T08:42:52","modified_gmt":"2022-10-24T13:42:52","slug":"viajar-sin-visa-otro-reto-diplomatico-de-colombia","status":"publish","type":"post","link":"https:\/\/www.amchambaq.com\/en\/viajar-sin-visa-otro-reto-diplomatico-de-colombia\/","title":{"rendered":"Viajar sin visa, otro reto diplom\u00e1tico de Colombia"},"content":{"rendered":"<p dir=\"ltr\">El presidente\u00a0<strong>Gustavo Petro<\/strong>\u00a0anunci\u00f3 el pasado lunes que el Reino Unido eliminar\u00e1 desde el 9 de noviembre la exigencia de\u00a0<strong>visado de turista\u00a0<\/strong>para los colombianos.<\/p>\n<p dir=\"ltr\">El Ministerio de Relaciones Exteriores salud\u00f3 en un comunicado el anuncio del gobierno del Reino Unido de Gran Breta\u00f1a e Irlanda del Norte y dijo que \u201cpone a Colombia a la altura de los socios estrat\u00e9gicos del<strong>\u00a0Reino Unido<\/strong>\u201d.<\/p>\n<p dir=\"ltr\">Turismo, comercio y cultura. Record\u00f3 la Canciller\u00eda, adem\u00e1s, que el Reino Unido ha sido uno de los principales socios de\u00a0<strong>Colombia<\/strong>, \u201ccomo lo evidencian su apoyo irrestricto a la implementaci\u00f3n del acuerdo de paz de 2016 y sus significativas contribuciones a la protecci\u00f3n del medio ambiente, en particular la Amazon\u00eda\u201d.<\/p>\n<p dir=\"ltr\">Esta\u00a0<strong>flexibilizaci\u00f3n\u00a0<\/strong>en el r\u00e9gimen de visas brit\u00e1nicas, asegura la cartera diplom\u00e1tica, \u201cimpulsar\u00e1 de manera significativa el turismo, el comercio, la cultura, entre otros muchos componentes de la intensa y rica agenda bilateral\u201d.<\/p>\n<div class=\"field-item even\">\n<div class=\"content-titulo\">\n<div class=\"titulo\">Europa abierta<\/div>\n<\/div>\n<\/div>\n<div class=\"field-item odd\">\n<div class=\"entity entity-paragraphs-item paragraphs-item-descripcion\">\n<div class=\"content\">\n<div class=\"field field-name-field-descripcion field-type-text-long field-label-hidden\">\n<div class=\"field-items\">\n<div class=\"field-item even\">\n<p>En 2015, Colombia firm\u00f3 con la\u00a0<strong>Uni\u00f3n\u00a0Europea<\/strong>, UE, el acuerdo de eliminaci\u00f3n del visado para estancias de hasta 90 d\u00edas en el espacio Schengen, lo que abri\u00f3 la puerta a los nacionales para viajar a 26 pa\u00edses de la UE, m\u00e1s Suiza, Liechtenstein, Noruega e Islandia. Y con esta decisi\u00f3n del Reino Unido, que no hace parte de la UE ni del espacio Schengen, los colombianos pueden viajar pr\u00e1cticamente a todos los pa\u00edses de Europa.<\/p>\n<p>\u00bfPero qu\u00e9 tan bienvenidos son los colombianos en el mundo?, \u00bfsigue cerni\u00e9ndose la sombra del\u00a0<strong>narcotr\u00e1fico\u00a0<\/strong>fuera de las fronteras?, \u00bfc\u00f3mo est\u00e1 el pa\u00eds con respecto a otras naciones de la regi\u00f3n?<\/p>\n<p><strong>EL HERALDO\u00a0<\/strong>consult\u00f3 a internacionalistas tras el anuncio del Reino Unido.<\/p>\n<\/div>\n<\/div>\n<\/div>\n<\/div>\n<\/div>\n<\/div>\n<div class=\"field-item even\">\n<div class=\"shares\"><\/div>\n<div class=\"content-titulo\">\n<div class=\"titulo\">Antes y despu\u00e9s de Santos<\/div>\n<\/div>\n<\/div>\n<div class=\"field-item odd\">\n<div class=\"entity entity-paragraphs-item paragraphs-item-descripcion\">\n<div class=\"content\">\n<div class=\"field field-name-field-descripcion field-type-text-long field-label-hidden\">\n<div class=\"field-items\">\n<div class=\"field-item even\">\n<p><strong>Mauricio Jaramillo<\/strong>, doctor en ciencia pol\u00edtica y mag\u00edster en geopol\u00edtica, se\u00f1al\u00f3 que \u201cColombia ha mejorado much\u00edsimo en este asunto de las visas, y (Juan Manuel) Santos logr\u00f3 la eliminaci\u00f3n de visados para Turqu\u00eda, Rusia, Rep\u00fablica Dominicana, Albania, Tailandia, Moldavia, a los que no viaja mucha gente, pero antes hab\u00eda y ya no hay visado, con Turqu\u00eda hay vuelo directo y con Rusia habl\u00f3 antes de la guerra y hab\u00eda un turismo cada vez m\u00e1s interesante, y obviamente a eso se suma la eliminaci\u00f3n de la visa en el espacio Schengen\u201d.<\/p>\n<p>Por ello, el catedr\u00e1tico de la\u00a0<strong>Universidad del Rosario<\/strong>\u00a0pone de presente que \u201ccon Santos hubo un salto cualitativo en materia de eliminaci\u00f3n de visados y salimos un poco de ser esas nacionalidades perseguidas que no pod\u00eda viajar a ninguna parte, a ser hoy una nacionalidad con acceso a ver los lugares del mundo emblem\u00e1ticos, ricos, sin necesidad de pasar por el deshonroso proceso del visado\u201d.<\/p>\n<p>Coincide el internacionalista y doctor en ciencias pol\u00edticas,\u00a0<strong>Juan Carlos Ruiz V\u00e1squez<\/strong>, en que \u201chubo un esfuerzo muy grande desde la administraci\u00f3n Santos con la canciller Mar\u00eda \u00c1ngela Holgu\u00edn para que varios pa\u00edses que nos demandaban visas dejar\u00e1n de hacerlo. Creo que uno de los logros m\u00e1s importantes fue que en todos los pa\u00edses de la UE, especialmente en la zona Schengen, dejaran de pedirnos visa, y creo que ese proceso fue una pol\u00edtica pensada por esa administraci\u00f3n que dio resultados\u201d.<\/p>\n<p>Esta estrategia, agreg\u00f3 el exdirector de la maestr\u00eda en estudios internacionales de la Universidad del Rosario, \u201cha venido ensanchando, al punto de que hoy en d\u00eda Gran Breta\u00f1a elimin\u00f3 una visa que era\u00a0<strong>tremendamente costosa<\/strong>\u00a0y engorrosa de sacar\u201d.<\/p>\n<div class=\"field-item odd\">\n<div class=\"content-titulo\">\n<div class=\"titulo\">Casos de Brasil y Chile<\/div>\n<\/div>\n<\/div>\n<div class=\"field-item even\">\n<div class=\"entity entity-paragraphs-item paragraphs-item-descripcion\">\n<div class=\"content\">\n<div class=\"field field-name-field-descripcion field-type-text-long field-label-hidden\">\n<div class=\"field-items\">\n<div class=\"field-item even\">\n<p>Advierte no obstante Ruiz V\u00e1squez que \u201cseguimos siendo un pa\u00eds al que le piden visas, porque muchos pa\u00edses en el mundo no tienen que sacar visa para pr\u00e1cticamente ning\u00fan otro pa\u00eds, y hay otros pa\u00edses como Brasil que tienen una<strong>\u00a0pol\u00edtica de reciprocidad\u00a0<\/strong>en donde si un pa\u00eds les pide visa, ellos les piden visa a esos nacionales para poder entrar y tambi\u00e9n funciona y eso disuade al otro pa\u00eds\u201d.<\/p>\n<p>Hay pa\u00edses que son mejor juzgados en Am\u00e9rica Latina como viajeros, comenta, \u201cpor ejemplo\u00a0<strong>Chile<\/strong>, que tiene unas prerrogativas muy grandes en muchas partes del mundo y eso facilita la posibilidad de migrar sin problemas por lo menos para hacer turismo\u201d.<\/p>\n<\/div>\n<\/div>\n<\/div>\n<\/div>\n<\/div>\n<\/div>\n<div class=\"field-item odd\">\n<div class=\"shares\"><\/div>\n<div class=\"content-titulo\">\n<div class=\"titulo\">Mala fama y visa<\/div>\n<\/div>\n<\/div>\n<div class=\"field-item even\">\n<div class=\"entity entity-paragraphs-item paragraphs-item-descripcion\">\n<div class=\"content\">\n<div class=\"field field-name-field-descripcion field-type-text-long field-label-hidden\">\n<div class=\"field-items\">\n<div class=\"field-item even\">\n<p>Afirma Ruiz que \u201csigue habiendo mala fama de los colombianos por el narcotr\u00e1fico, aunque ha mejorado en algo, pero tenemos ese\u00a0<strong>estigma\u00a0<\/strong>con el\u00a0<strong>pasaporte\u00a0<\/strong>colombiano que hay que saber manejar en otros pa\u00edses\u201d.<\/p>\n<p>Abre un par\u00e9ntesis el internacionalista en este aparte y llama la atenci\u00f3n sobre \u201clo que pasa en M\u00e9xico, que como adem\u00e1s se volvi\u00f3 la puerta de entrada a Estados Unidos, se han arreciado los controles y el trato a los colombianos ha sido noticia en los \u00faltimos d\u00edas. Eso tambi\u00e9n sucede en otras partes, pero ha habido una mejora con respecto<strong>\u00a0a los ochenta y noventa<\/strong>\u201d.<\/p>\n<p>Y el polit\u00f3logo e internacionalista Danny Ram\u00edrez confluye en que \u201chemos mejorado much\u00edsimo en los \u00faltimos 15 a\u00f1os despu\u00e9s de una \u00e9poca en que est\u00e1bamos\u00a0<strong>vetados<\/strong>, y lo de Reino Unido demuestra precisamente un avance en ese sentido\u201d.<\/p>\n<p>Desde la segunda guerra. Rafael Pi\u00f1eros, internacionalista y mag\u00edster en an\u00e1lisis de problemas pol\u00edticos e internacionales contempor\u00e1neos, explic\u00f3 que \u201cel establecimiento de restricciones por parte de los pa\u00edses fue una pr\u00e1ctica que se instaur\u00f3 con la intenci\u00f3n de evitar que masivamente la gente se moviera de un lugar a otro por cuestiones econ\u00f3micas o pol\u00edticas despu\u00e9s de la\u00a0<strong>Segunda Guerra Mundial<\/strong>\u201d.<\/p>\n<p>En efecto, a\u00f1ade el catedr\u00e1tico de la\u00a0<strong>Universidad Externado<\/strong>, \u201cpara un pa\u00eds con un conflicto armado, que ha sufrido las secuelas del narcotr\u00e1fico y los grupos al margen de la ley, los visados limitaron significativamente el ingreso de colombianos a otros lugares, pero tambi\u00e9n es cierto que otros pa\u00edses de la regi\u00f3n han tenido restricciones a su movilidad, as\u00ed que no recay\u00f3 exclusivamente sobre los colombianos\u201d.<\/p>\n<\/div>\n<\/div>\n<\/div>\n<\/div>\n<\/div>\n<\/div>\n<div class=\"field-item odd\">\n<div class=\"shares\"><\/div>\n<div class=\"content-titulo\">\n<div class=\"titulo\">\u00bfQu\u00e9 tan probable es que los Estados Unidos eliminen la exigencia de la visa a los colombianos?<\/div>\n<\/div>\n<\/div>\n<div class=\"field-item even\">\n<div class=\"entity entity-paragraphs-item paragraphs-item-descripcion\">\n<div class=\"content\">\n<div class=\"field field-name-field-descripcion field-type-text-long field-label-hidden\">\n<div class=\"field-items\">\n<div class=\"field-item even\">\n<p>Mientras se celebraba la eliminaci\u00f3n de la visa de los colombianos en el Reino Unido, el embajador de Colombia en Estados Unidos,\u00a0<strong>Luis Gilberto Murillo<\/strong>, anunci\u00f3 que hab\u00eda hecho una solicitud en este mismo sentido a Washington.<\/p>\n<p>\u201cEl equipo de\u00a0 @ColombiaEmbUSA sostuvo la 1ra reuni\u00f3n de trabajo con miembros del\u00a0<strong>Dpto de Seguridad Nacional de EE.UU.<\/strong>\u00a0para definir la hoja de ruta con miras a participar en el Programa de Exenci\u00f3n de Visas. Ser\u00e1 un proceso largo, pero hay un buen ambiente de colaboraci\u00f3n\u201d, trin\u00f3 el funcionario el pasado viernes.<\/p>\n<p>La\u00a0<strong>visa\u00a0<\/strong>de turismo actual a EE. UU. les permite a los colombianos una visita corta para turismo, vacaciones, visita con amigos o familiares, tratamiento m\u00e9dico; participaci\u00f3n en eventos sociales organizados por organizaciones fraternales, sociales o de servicio; participaci\u00f3n de aficionados en eventos o concursos musicales, deportivos o similares, si no se les paga por participar; e inscripci\u00f3n en un curso breve de estudio recreativo, que no sea para obtener cr\u00e9dito para obtener un t\u00edtulo.<\/p>\n<p>En 2014 Santos hab\u00eda anunciado que EE. UU. hab\u00eda arrancado un proceso de eliminaci\u00f3n de la visa, luego de la petici\u00f3n en este sentido de Holgu\u00edn al entonces secretario de Estado,\u00a0<strong>John Kerry<\/strong>, quien dijo que una de las condiciones era que el porcentaje de visas que se niegan cada a\u00f1o a colombianos no superar\u00e1 el 3 %. No obstante, en 2019, antes de las restricciones adicionales de la pandemia, el porcentaje de visas negadas a colombianos fue del 41 %.<\/p>\n<p>Al respecto, Jaramillo sostiene que \u201cla relaci\u00f3n de Santos y (<strong>Barack<\/strong>)\u00a0<strong>Obama\u00a0<\/strong>era m\u00e1s robusta, Santos ten\u00eda la ventaja de que estuvo ocho a\u00f1os y estuvo con un presidente que ten\u00eda mayores apoyos dentro de EE. UU., m\u00e1s margen de maniobra. Tengo la impresi\u00f3n de que Biden tiene un margen m\u00e1s estrecho y eso juega en contra de Petro, sobre todo para este tipo de propuestas\u201d.<\/p>\n<p>Agrega en este sentido que \u201cColombia tiene a su favor que hay un porcentaje de colombianos irregulares menor en comparaci\u00f3n a otras nacionalidades por ejemplo de Am\u00e9rica Central, es un pa\u00eds m\u00e1s estable y tiene una\u00a0<strong>relaci\u00f3n privilegiada<\/strong>\u00a0con EE. UU.\u201d.<\/p>\n<p>Pi\u00f1eros considera que \u201clos EE. UU. mantienen unas posiciones que a veces son<strong>\u00a0dif\u00edciles de entender<\/strong>\u00a0afuera, en t\u00e9rminos de seguridad les preocupa un auge mayor a las olas migratorias de los setentas y noventas, y tambi\u00e9n en distintos lugares los colombianos han generado lazos familiares y comerciales, y si bien no somos el primer pa\u00eds latinoamericano somos de los que m\u00e1s hemos invertido y eso cuenta y suma, porque al americano tambi\u00e9n le interesa facilitar el comercio\u201d.<\/p>\n<p>Y Ram\u00edrez ve \u201cbastante improbable que se pueda dar, porque generar\u00eda un<strong>\u00a0problema migratorio<\/strong>\u00a0que EE. UU. no est\u00e1 en este momento en disposici\u00f3n de admitir\u201d.<\/p>\n<div class=\"field-item even\">\n<div class=\"content-titulo\">\n<div class=\"titulo\">Estos son los pa\u00edses que no exigen visa a colombianos<\/div>\n<\/div>\n<\/div>\n<div class=\"field-item odd\">\n<div class=\"entity entity-paragraphs-item paragraphs-item-descripcion\">\n<div class=\"content\">\n<div class=\"field field-name-field-descripcion field-type-text-long field-label-hidden\">\n<div class=\"field-items\">\n<div class=\"field-item even\">\n<p>Seg\u00fan \u2018<strong>The Henley Passport Index<\/strong>\u2019, con datos de la Asociaci\u00f3n Internacional de Transporte A\u00e9reo (IATA), el pasaporte colombiano ocupa el puesto n\u00famero 39 entre los que m\u00e1s tienen acceso en el mundo.<\/p>\n<p>En\u00a0<strong>Europa\u00a0<\/strong>los colombianos pueden ir sin visa a Albania, Alemania, Andorra, Austria, B\u00e9lgica, Bosnia y Herzegovina, Bulgaria, Rep\u00fablica Checa, Chipre, Vaticano, Croacia, Dinamarca, Eslovaquia, Eslovenia, Espa\u00f1a, Estonia, Finlandia, Francia, Georgia, Grecia, Hungr\u00eda, Islandia, Italia, Kosovo, Letonia, Liechtenstein, Lituania, Luxemburgo, Malta, Moldavia, M\u00f3naco, Montenegro, Noruega, Holanda, Polonia, Portugal, Rumania, Rusia, San Marino, Serbia, Suecia, Suiza y Turqu\u00eda.<\/p>\n<p>En\u00a0<strong>Am\u00e9rica\u00a0<\/strong>a Argentina, Aruba, Bahamas, Barbados, Belize, Bolivia, Bonaire, Brasil, Chile, Cuba, Curazao, Dominica, Ecuador, El Salvador, Guyana, Guadalupe, Guatemala, Guyana Francesa, Honduras, Jamaica, Martinica, M\u00e9xico, Panam\u00e1, Paraguay, Per\u00fa, Rep\u00fablica Dominicana, San Crist\u00f3bal y Nieves, San Vicente y las Granadinas, Isla de Saba, San Bartolom\u00e9, San Eustaquio, San Pedro y Miquel\u00f3n, San Mart\u00edn, Surinam, Trinidad y Tobago, Uruguay y Venezuela.<\/p>\n<p>En\u00a0<strong>Asia\u00a0<\/strong>a Corea del Sur, Filipinas, Hong Kong, Israel, Maldivas, Catar y Singapur; en \u00c1frica a Mayotte, Reuni\u00f3n y Marruecos, y en Ocean\u00eda a Samoa, Nueva Caledonia, Polinesia Francesa, Wallis y Futuna.<\/p>\n<\/div>\n<\/div>\n<\/div>\n<\/div>\n<\/div>\n<\/div>\n<\/div>\n<\/div>\n<\/div>\n<\/div>\n<\/div>\n<\/div>\n<\/div>\n<\/div>\n<\/div>\n<\/div>\n<\/div>\n<\/div>","protected":false},"excerpt":{"rendered":"<p>El presidente\u00a0Gustavo Petro\u00a0anunci\u00f3 el pasado lunes que el Reino Unido eliminar\u00e1 desde el 9 de noviembre la exigencia de\u00a0visado de turista\u00a0para los colombianos. El Ministerio de Relaciones Exteriores salud\u00f3 en un comunicado el anuncio del gobierno del Reino Unido de Gran Breta\u00f1a e Irlanda del Norte y dijo que \u201cpone a Colombia a la altura<\/p>","protected":false},"author":1,"featured_media":10102,"comment_status":"closed","ping_status":"closed","sticky":false,"template":"","format":"standard","meta":{"footnotes":""},"categories":[181],"tags":[],"class_list":["post-10101","post","type-post","status-publish","format-standard","has-post-thumbnail","hentry","category-noticias"],"views":57,"_links":{"self":[{"href":"https:\/\/www.amchambaq.com\/en\/wp-json\/wp\/v2\/posts\/10101","targetHints":{"allow":["GET"]}}],"collection":[{"href":"https:\/\/www.amchambaq.com\/en\/wp-json\/wp\/v2\/posts"}],"about":[{"href":"https:\/\/www.amchambaq.com\/en\/wp-json\/wp\/v2\/types\/post"}],"author":[{"embeddable":true,"href":"https:\/\/www.amchambaq.com\/en\/wp-json\/wp\/v2\/users\/1"}],"replies":[{"embeddable":true,"href":"https:\/\/www.amchambaq.com\/en\/wp-json\/wp\/v2\/comments?post=10101"}],"version-history":[{"count":1,"href":"https:\/\/www.amchambaq.com\/en\/wp-json\/wp\/v2\/posts\/10101\/revisions"}],"predecessor-version":[{"id":10103,"href":"https:\/\/www.amchambaq.com\/en\/wp-json\/wp\/v2\/posts\/10101\/revisions\/10103"}],"wp:featuredmedia":[{"embeddable":true,"href":"https:\/\/www.amchambaq.com\/en\/wp-json\/wp\/v2\/media\/10102"}],"wp:attachment":[{"href":"https:\/\/www.amchambaq.com\/en\/wp-json\/wp\/v2\/media?parent=10101"}],"wp:term":[{"taxonomy":"category","embeddable":true,"href":"https:\/\/www.amchambaq.com\/en\/wp-json\/wp\/v2\/categories?post=10101"},{"taxonomy":"post_tag","embeddable":true,"href":"https:\/\/www.amchambaq.com\/en\/wp-json\/wp\/v2\/tags?post=10101"}],"curies":[{"name":"wp","href":"https:\/\/api.w.org\/{rel}","templated":true}]}}