{"id":10098,"date":"2022-10-24T08:29:59","date_gmt":"2022-10-24T13:29:59","guid":{"rendered":"https:\/\/www.amchambaq.com\/?p=10098"},"modified":"2022-10-24T08:29:59","modified_gmt":"2022-10-24T13:29:59","slug":"zona-franca-la-cayena-preve-cerrar-2022-con-inversiones-por-usd120-millones","status":"publish","type":"post","link":"https:\/\/www.amchambaq.com\/en\/zona-franca-la-cayena-preve-cerrar-2022-con-inversiones-por-usd120-millones\/","title":{"rendered":"Zona Franca La Cayena prev\u00e9 cerrar 2022 con inversiones por USD120 millones"},"content":{"rendered":"<p>Las exportaciones de\u00a0las empresas ubicadas en la<strong>\u00a0Zona Franca La Cayena<\/strong>\u00a0superar\u00e1n este a\u00f1o los USD120 millones afirm\u00f3 su gerente general, Manuel Herrera. Explic\u00f3 que las ventas externas en lo que va corrido de 2022\u00a0ya suman USD80 millones.<\/p>\n<p>\u201cEl comercio exterior que\u00a0movemos\u00a0supera los<strong>\u00a0USD250 millones<\/strong>, tenemos una balanza comercial positiva ya que es mucho m\u00e1s lo que exportamos que lo que importamos\u201d, se\u00f1al\u00f3 el empresario.<\/p>\n<p>Actualmente La Cayena cuenta con\u00a0<strong>40 compa\u00f1\u00edas\u00a0<\/strong>de 15 sectores econ\u00f3micos,\u00a0no solo nacionales sino internacionales, que operan en sus instalaciones bajo el r\u00e9gimen franco.<\/p>\n<p>\u201cEl 45 % de estas compa\u00f1\u00edas son extranjeras, esto indica que la zona franca es un potente veh\u00edculo de atracci\u00f3n extranjera de inversiones por diferentes condiciones como la conectividad y las\u00a0<strong>condiciones tributarias aduaneras<\/strong>\u00a0favorables\u201d, se\u00f1al\u00f3 Herrera.<\/p>\n<p>El empresario dijo que las inversiones que se reciben en la zona franca vienen acompa\u00f1adas\u00a0<strong>avances tecnol\u00f3gicos\u00a0<\/strong>y de innovaci\u00f3n. Adem\u00e1s, dinamizan los encadenamientos productivos.<\/p>\n<p>En esta zona franca se han consolidado cl\u00fasteres del sector metalmec\u00e1nico, de blindaje de\u00a0<strong>veh\u00edculos de alta gama<\/strong>, ciencias de la vida, construcci\u00f3n y aeron\u00e1utico, entre otros.<\/p>\n<p>\u201cSomos la \u00fanica zona franca que cuenta con una empresa del\u00a0<strong>sector aeron\u00e1utico<\/strong>, esta es una compa\u00f1\u00eda norteamericana que ensambla los veh\u00edculos con los que se abastece de combustible a los aviones y otros, todos para exportaci\u00f3n\u201d, detall\u00f3.<\/p>\n<p>Actualmente se espera la llegada de m\u00e1s inversi\u00f3n extranjera a la zona franca, la cual est\u00e1 representada en una empresa de\u00a0<strong>Espa\u00f1a\u00a0<\/strong>que pondr\u00e1 en operaci\u00f3n una planta de procesamiento de alimentos para ni\u00f1os.<\/p>\n<p>Esta se suma a otras empresas con capital internacional que ya est\u00e1n operando en la zona franca, entre ellas est\u00e1 la primera compa\u00f1\u00eda con<strong>\u00a0inversi\u00f3n de origen japon\u00e9s<\/strong>\u00a0que llega a la ciudad.<\/p>\n<p>Destac\u00f3 que en\u00a0<strong>15 a\u00f1os de operaciones<\/strong>, la zona franca ha sido un polo de desarrollo para la ciudad y en especial para la zona de influencia en Juan Mina.<\/p>\n<p>Se calcula que el 25 % de los m\u00e1s<strong>\u00a04 mil empleos directos<\/strong>\u00a0que se generan en la zona franca proviene de Juan Mina\u00a0y las poblaciones aleda\u00f1as.<\/p>\n<p>A futuro planean desarrollar una segunda etapa en una zona de 300 mil metros cuadrados cerca a la<strong>\u00a0Circunvalar de la Prosperidad<\/strong>.<\/p>","protected":false},"excerpt":{"rendered":"<p>Las exportaciones de\u00a0las empresas ubicadas en la\u00a0Zona Franca La Cayena\u00a0superar\u00e1n este a\u00f1o los USD120 millones afirm\u00f3 su gerente general, Manuel Herrera. Explic\u00f3 que las ventas externas en lo que va corrido de 2022\u00a0ya suman USD80 millones. \u201cEl comercio exterior que\u00a0movemos\u00a0supera los\u00a0USD250 millones, tenemos una balanza comercial positiva ya que es mucho m\u00e1s lo que exportamos<\/p>","protected":false},"author":1,"featured_media":10099,"comment_status":"closed","ping_status":"closed","sticky":false,"template":"","format":"standard","meta":{"footnotes":""},"categories":[181],"tags":[],"class_list":["post-10098","post","type-post","status-publish","format-standard","has-post-thumbnail","hentry","category-noticias"],"views":82,"_links":{"self":[{"href":"https:\/\/www.amchambaq.com\/en\/wp-json\/wp\/v2\/posts\/10098","targetHints":{"allow":["GET"]}}],"collection":[{"href":"https:\/\/www.amchambaq.com\/en\/wp-json\/wp\/v2\/posts"}],"about":[{"href":"https:\/\/www.amchambaq.com\/en\/wp-json\/wp\/v2\/types\/post"}],"author":[{"embeddable":true,"href":"https:\/\/www.amchambaq.com\/en\/wp-json\/wp\/v2\/users\/1"}],"replies":[{"embeddable":true,"href":"https:\/\/www.amchambaq.com\/en\/wp-json\/wp\/v2\/comments?post=10098"}],"version-history":[{"count":1,"href":"https:\/\/www.amchambaq.com\/en\/wp-json\/wp\/v2\/posts\/10098\/revisions"}],"predecessor-version":[{"id":10100,"href":"https:\/\/www.amchambaq.com\/en\/wp-json\/wp\/v2\/posts\/10098\/revisions\/10100"}],"wp:featuredmedia":[{"embeddable":true,"href":"https:\/\/www.amchambaq.com\/en\/wp-json\/wp\/v2\/media\/10099"}],"wp:attachment":[{"href":"https:\/\/www.amchambaq.com\/en\/wp-json\/wp\/v2\/media?parent=10098"}],"wp:term":[{"taxonomy":"category","embeddable":true,"href":"https:\/\/www.amchambaq.com\/en\/wp-json\/wp\/v2\/categories?post=10098"},{"taxonomy":"post_tag","embeddable":true,"href":"https:\/\/www.amchambaq.com\/en\/wp-json\/wp\/v2\/tags?post=10098"}],"curies":[{"name":"wp","href":"https:\/\/api.w.org\/{rel}","templated":true}]}}