{"id":10087,"date":"2022-10-19T09:08:46","date_gmt":"2022-10-19T14:08:46","guid":{"rendered":"https:\/\/www.amchambaq.com\/?p=10087"},"modified":"2022-10-19T09:08:46","modified_gmt":"2022-10-19T14:08:46","slug":"la-tributaria-debilitara-la-economia-de-la-costa-gremios","status":"publish","type":"post","link":"https:\/\/www.amchambaq.com\/en\/la-tributaria-debilitara-la-economia-de-la-costa-gremios\/","title":{"rendered":"La tributaria debilitar\u00e1 la econom\u00eda de la Costa: gremios"},"content":{"rendered":"<p>De cara a la votaci\u00f3n de segundo y \u00faltimo debate de la\u00a0<a href=\"https:\/\/www.elheraldo.co\/economia\/mac-master-aseguro-que-colombianos-pagaremos-12-billones-por-reforma-tributaria-947385\" target=\"_blank\" rel=\"noopener\">reforma tributaria<\/a>\u00a0en las plenarias tanto de Senado como de C\u00e1mara, varios sectores han expresado sus preocupaciones o reparos al proyecto del Gobierno nacional que busca recaudar 22 billones de pesos, cifra que inicialmente estaba en 25 billones.<\/p>\n<p>Este martes se conoci\u00f3 un comunicado del\u00a0<strong>comit\u00e9 intergremial de Atl\u00e1ntico, Cesar y Magdalena\u00a0<\/strong>y del consejo integremial de Bol\u00edvar, en el que sus respectivos directivos o voceros advierten que una eventual aprobaci\u00f3n de la<strong>\u00a0reforma tributaria<\/strong>\u00a0impactar\u00eda severamente a la<strong>\u00a0regi\u00f3n Caribe<\/strong>\u00a0y que incluso ocasionar\u00e1 una &#8220;<strong>mayor pobreza y desempleo&#8221;<\/strong>\u00a0en esta zona del pa\u00eds.<\/p>\n<p>Los gremios de la regi\u00f3n solicitaron\u00a0a los congresistas, especialmente del Caribe, &#8220;votar responsablemente la reforma sin exponer al territorio a una crisis social como consecuencia de un r\u00e9gimen de impuestos que exceda la capacidad de pago de las empresas, hasta el punto de poner en riesgo la continuidad de sus operaciones&#8221;.<\/p>\n<p>Proponen aplazar el tr\u00e1mite de la Reforma Tributaria hasta cuando se logre el equilibrio entre las propuestas del Gobierno nacional y las de los gremios que representan al sector privado, sin afectar la productividad y competitividad de las empresas, ni desestimular la internacionalizaci\u00f3n del pa\u00eds.<\/p>\n<p>Los argumentos\u00a0se basan en que el proyecto del Ministerio de Hacienda conlleva una mayor carga fiscal, lo que &#8220;desestimular\u00eda la inversi\u00f3n extranjera en la miner\u00eda y los hidrocarburos, en contrav\u00eda de la tendencia mundial, y aplazar\u00eda la explotaci\u00f3n de los yacimientos de cobre de\u00a0<strong>C\u00f3rdoba y C\u00e9sar,<\/strong>\u00a0afectando la transici\u00f3n energ\u00e9tica dado que este mineral es indispensable para desarrollar las energ\u00edas renovables&#8221;.<\/p>\n<p>Vale mencionar que la miner\u00eda de cobre representa una fuente de ingresos importantes para la regi\u00f3n. Este a\u00f1o, a\u00a0la empresa\u00a0Colombia Gold S.A.S.\u00a0le fueron adjudicados cuatro bloques de\u00a0\u00c1reas Estrat\u00e9gicas Mineras (AEM)\u00a0con alto potencial para cobre y polimet\u00e1licos, ubicados en los municipios de\u00a0San Diego\u00a0y\u00a0La Paz, en el departamento de Cesar en la\u00a0<strong>Costa Caribe.<\/strong><\/p>\n<div class=\"field-item even\">\n<div class=\"entity entity-paragraphs-item paragraphs-item-descripcion\">\n<div class=\"content\">\n<div class=\"field field-name-field-descripcion field-type-text-long field-label-hidden\">\n<div class=\"field-items\">\n<div class=\"field-item even\">\n<p>Las adjudicaciones representan unos\u00a0$57 mil millones\u00a0de inversi\u00f3n en exploraci\u00f3n y un 2 % de contraprestaci\u00f3n adicional diferente de regal\u00edas.<\/p>\n<p>La ANM ha declarado seis\u00a0\u00c1reas Estrat\u00e9gicas Mineras\u00a0de la<strong>\u00a0regi\u00f3n Caribe,<\/strong>\u00a0con alto potencial para minerales de cobre, cuatro en Cesar y dos en La Guajira, de las cuales cinco ya han sido adjudicadas. El primer contrato fue adjudicado en 2021, correspondiente a un bloque en\u00a0La Guajira.<\/p>\n<p>De acuerdo con lo expuesto por los gremios, &#8220;la miner\u00eda genera el 49% de las exportaciones del Caribe, 42.000 empleos directos y 205.000 indirectos&#8221;. Se\u00f1alan que &#8220;por cada peso generado activa encadenamientos por 2,4 pesos en otros sectores&#8221;.<\/p>\n<\/div>\n<\/div>\n<\/div>\n<\/div>\n<\/div>\n<\/div>\n<div class=\"field-item odd\">\n<div class=\"shares\"><\/div>\n<div class=\"content-titulo\">\n<div class=\"titulo\"><strong>Inversi\u00f3n exploratoria de petr\u00f3leo y gas<\/strong><\/div>\n<\/div>\n<\/div>\n<div class=\"field-item even\">\n<div class=\"entity entity-paragraphs-item paragraphs-item-descripcion\">\n<div class=\"content\">\n<div class=\"field field-name-field-descripcion field-type-text-long field-label-hidden\">\n<div class=\"field-items\">\n<div class=\"field-item even\">\n<p>Hace un par de semanas Hocol,\u00a0empresa del Grupo Empresarial Ecopetrol,<a href=\"https:\/\/www.elheraldo.co\/economia\/hocol-anuncia-nuevo-hallazgo-de-gas-en-monteria-cordoba-944183\" target=\"_blank\" rel=\"nofollow noopener\">\u00a0confirm\u00f3 un nuevo hallazgo de gas\u00a0en el pozo Coralino-1<\/a>,\u00a0ubicado a 60 kil\u00f3metros al sureste de<strong>\u00a0Monter\u00eda<\/strong>, en jurisdicci\u00f3n del municipio de Pueblo Nuevo en el departamento de<strong>\u00a0C\u00f3rdoba<\/strong>.<\/p>\n<p>En este\u00a0<strong>pozo<\/strong>\u00a0se realiz\u00f3 una perforaci\u00f3n que evidenci\u00f3 la presencia de gas en varios niveles de la roca reservorio asociada a la Formaci\u00f3n Ci\u00e9naga de Oro, principal roca productora del Valle Inferior del Magdalena.<\/p>\n<p>Como se sabe, la<strong>\u00a0reforma tributaria<\/strong>\u00a0del Gobierno de\u00a0<strong>Gustavo Petro<\/strong>\u00a0tiene impacto en el<strong>\u00a0sector minero,<\/strong>\u00a0a tal punto que podr\u00eda poner en riesgo algunos proyectos actuales y futuros, ya que busca imponer impuesto a las exportaciones de carb\u00f3n. De aprobarse el proyecto, la regi\u00f3n Caribe ser\u00eda una de las perjudicadas, de acuerdo con los gremios.<\/p>\n<p>&#8220;El Caribe tiene un potencial de producci\u00f3n de gas natural costa afuera que triplicar\u00eda las reservas del pa\u00eds. Aqu\u00ed se ejecutar\u00e1 el 78% de la inversi\u00f3n en exploraci\u00f3n por lo que desincentivarla es condenarnos a dejar ese recurso en el subsuelo y perder cerca de 20 mil empleos directos&#8221;, se\u00f1alan los consejos intergremiales.<\/p>\n<div class=\"field-item even\">\n<div class=\"content-titulo\">\n<div class=\"titulo\"><strong>Afectaci\u00f3n a las zonas francas<\/strong><\/div>\n<\/div>\n<\/div>\n<div class=\"field-item odd\">\n<div class=\"entity entity-paragraphs-item paragraphs-item-descripcion\">\n<div class=\"content\">\n<div class=\"field field-name-field-descripcion field-type-text-long field-label-hidden\">\n<div class=\"field-items\">\n<div class=\"field-item even\">\n<p>En su momento, la<strong>\u00a0C\u00e1mara de Zonas Francas de la ANDI,<\/strong>\u00a0asegur\u00f3 que lo contemplado en la ponencia para primer debate del proyecto de ley de\u00a0<strong>reforma tributaria<\/strong>\u00a0tendr\u00e1 un impacto negativo en la\u00a0<strong>sostenibilidad\u00a0<\/strong>de las\u00a0<strong>zonas francas\u00a0<\/strong>como instrumentos para la industrializaci\u00f3n y la internacionalizaci\u00f3n del pa\u00eds.<\/p>\n<p>En eso concuerdan los gremios de la regi\u00f3n, que aseguran que &#8220;ponerles por decreto a las zonas francas un umbral de ventas m\u00e1ximo al Territorio Aduanero Nacional no superior al 40% en 2024; 30% en 2025; y 20% en 2026 para mantener el incentivo tributario de renta al 20%, y establecer que las que los incumplan por 3 a\u00f1os consecutivos perder\u00e1n su calificaci\u00f3n de usuarios industriales, desincentivar\u00eda la llegada de compa\u00f1\u00edas a 45 zonas francas del Caribe&#8221;.<\/p>\n<p>Adem\u00e1s que &#8220;pondr\u00eda en riesgo a m\u00e1s de 300 empresas en Barranquilla, Santa Marta y Cartagena, 80% de las cuales son PYMES cumplidoras de compromisos de empleo e inversi\u00f3n&#8221;.<\/p>\n<p>En ese sentido, gremios de la regi\u00f3n Caribe expresan que hay algunos usuarios que por su naturaleza y fines no son exportadores, &#8220;pero s\u00ed estrat\u00e9gicos para el comercio exterior y el pa\u00eds&#8221;, como los\u00a0puertos, aeropuertos, ferrocarriles, generadores de energ\u00eda, refiner\u00edas, productores de biocombustibles, y agroindustrias, que &#8220;deben mantener el tratamiento especial de zona franca con la tarifa del impuesto sobre la renta y complementarios gravable del 20%&#8221;.<\/p>\n<div class=\"field-item odd\">\n<div class=\"content-titulo\">\n<div class=\"titulo\"><strong>Se encarecer\u00eda el turismo<\/strong><\/div>\n<\/div>\n<\/div>\n<div class=\"field-item even\">\n<div class=\"entity entity-paragraphs-item paragraphs-item-descripcion\">\n<div class=\"content\">\n<div class=\"field field-name-field-descripcion field-type-text-long field-label-hidden\">\n<div class=\"field-items\">\n<div class=\"field-item even\">\n<p>Para los gremios, la tributaria tambi\u00e9n traer\u00eda un impacto en el sector de hoteler\u00eda y turismo, pues el proyecto &#8220;elimina la exenci\u00f3n del IVA en servicios de hoteler\u00eda y turismo, y la reducci\u00f3n de dicho impuesto en los tiquetes a\u00e9reos del 5%&#8221;.<\/p>\n<p>As\u00ed mismo, advierten que la tributaria &#8220;elimina la exenci\u00f3n a la sobretasa temporal a la energ\u00eda para los hoteles, lo cual aumentar\u00eda en 20% los costos de este rubro en 2023&#8221;, lo que afectar\u00eda al sector, ya que estos beneficios que actualmente tiene &#8220;son determinantes para que este sector, altamente dinamizador de la econom\u00eda de la Regi\u00f3n Caribe, siga recuper\u00e1ndose de la afectaci\u00f3n causada por la pandemia&#8221;.<\/p>\n<p><strong>Paula Cort\u00e9s<\/strong>, presidenta de la Asociaci\u00f3n Colombiana de Agencias de Viajes y Turismo (<strong>Anato<\/strong>), dijo en su momento que\u00a0<a href=\"https:\/\/www.elheraldo.co\/economia\/los-impactos-de-la-reforma-tributaria-en-el-turismo-933829\" target=\"_blank\" rel=\"nofollow noopener\">hay dos\u00a0temas que preocupan al sector.<\/a>\u00a0Uno de ellos es la eliminaci\u00f3n de los beneficios tributarios y el otro, el fin de la exenci\u00f3n de IVA a servicios de hoteler\u00eda y turismo.<\/p>\n<p>Record\u00f3 que la reforma que est\u00e1 vigente estableci\u00f3 una<strong>\u00a0exenci\u00f3n de IVA (19 %)<\/strong>\u00a0a paquetes tur\u00edsticos hasta diciembre de este a\u00f1o, por lo que desde el 1 de enero de 2023 este impuesto se tendr\u00eda que volver a cobrar y aumentar\u00edan los precios finales a los consumidores.<\/p>\n<p>\u201cEsta reforma tributaria no habla del IVA, pero ya le hemos manifestado al Gobierno nacional que necesitamos buscar c\u00f3mo<strong>\u00a0extender<\/strong>\u00a0por lo menos un a\u00f1o m\u00e1s esta medida para que el turismo llegue a superar las metas que ten\u00eda en el 2019\u201d, sostuvo Cort\u00e9s.<\/p>\n<p>Otro incentivo tributario transitorio que termina en diciembre de este a\u00f1o es la\u00a0<strong>reducci\u00f3n del IVA para los tiquetes a\u00e9reos<\/strong>\u00a0que pas\u00f3 del 19 % al 5 %. Esto tambi\u00e9n implicar\u00eda aumento en los precios de los tiquetes para los viajeros.<\/p>\n<p>Tomado de: EL HERALDO<\/p>\n<\/div>\n<\/div>\n<\/div>\n<\/div>\n<\/div>\n<\/div>\n<\/div>\n<\/div>\n<\/div>\n<\/div>\n<\/div>\n<\/div>\n<\/div>\n<\/div>\n<\/div>\n<\/div>\n<\/div>\n<\/div>","protected":false},"excerpt":{"rendered":"<p>De cara a la votaci\u00f3n de segundo y \u00faltimo debate de la\u00a0reforma tributaria\u00a0en las plenarias tanto de Senado como de C\u00e1mara, varios sectores han expresado sus preocupaciones o reparos al proyecto del Gobierno nacional que busca recaudar 22 billones de pesos, cifra que inicialmente estaba en 25 billones. Este martes se conoci\u00f3 un comunicado del\u00a0comit\u00e9<\/p>","protected":false},"author":1,"featured_media":9973,"comment_status":"closed","ping_status":"closed","sticky":false,"template":"","format":"standard","meta":{"footnotes":""},"categories":[181],"tags":[],"class_list":["post-10087","post","type-post","status-publish","format-standard","has-post-thumbnail","hentry","category-noticias"],"views":68,"_links":{"self":[{"href":"https:\/\/www.amchambaq.com\/en\/wp-json\/wp\/v2\/posts\/10087","targetHints":{"allow":["GET"]}}],"collection":[{"href":"https:\/\/www.amchambaq.com\/en\/wp-json\/wp\/v2\/posts"}],"about":[{"href":"https:\/\/www.amchambaq.com\/en\/wp-json\/wp\/v2\/types\/post"}],"author":[{"embeddable":true,"href":"https:\/\/www.amchambaq.com\/en\/wp-json\/wp\/v2\/users\/1"}],"replies":[{"embeddable":true,"href":"https:\/\/www.amchambaq.com\/en\/wp-json\/wp\/v2\/comments?post=10087"}],"version-history":[{"count":1,"href":"https:\/\/www.amchambaq.com\/en\/wp-json\/wp\/v2\/posts\/10087\/revisions"}],"predecessor-version":[{"id":10088,"href":"https:\/\/www.amchambaq.com\/en\/wp-json\/wp\/v2\/posts\/10087\/revisions\/10088"}],"wp:featuredmedia":[{"embeddable":true,"href":"https:\/\/www.amchambaq.com\/en\/wp-json\/wp\/v2\/media\/9973"}],"wp:attachment":[{"href":"https:\/\/www.amchambaq.com\/en\/wp-json\/wp\/v2\/media?parent=10087"}],"wp:term":[{"taxonomy":"category","embeddable":true,"href":"https:\/\/www.amchambaq.com\/en\/wp-json\/wp\/v2\/categories?post=10087"},{"taxonomy":"post_tag","embeddable":true,"href":"https:\/\/www.amchambaq.com\/en\/wp-json\/wp\/v2\/tags?post=10087"}],"curies":[{"name":"wp","href":"https:\/\/api.w.org\/{rel}","templated":true}]}}