{"id":10081,"date":"2022-10-18T08:54:57","date_gmt":"2022-10-18T13:54:57","guid":{"rendered":"https:\/\/www.amchambaq.com\/?p=10081"},"modified":"2022-10-18T08:54:57","modified_gmt":"2022-10-18T13:54:57","slug":"cambio-en-norma-tributaria-traeria-incumplimientos-a-los-tlc","status":"publish","type":"post","link":"https:\/\/www.amchambaq.com\/en\/cambio-en-norma-tributaria-traeria-incumplimientos-a-los-tlc\/","title":{"rendered":"Cambio en norma tributaria traer\u00eda incumplimientos a los TLC"},"content":{"rendered":"<p>El tr\u00e1mite del proyecto de reforma tributaria del presidente Gustavo Petro sigue marcando la opini\u00f3n p\u00fablica del pa\u00eds y dejando opiniones divididas entre los protagonistas del texto fiscal.<\/p>\n<p id=\"p572712-m214-3-215\" class=\"parrafo\">El sector de comercio exterior ha sido uno de los protagonistas de esta propuesta tributaria por un lado con el tema de los cambios en las zonas francas, a lo que se le agrega el apartado que se discute sobre la supresi\u00f3n del literal J del art\u00edculo 428 del actual Estatuto Tributario, una medida que podr\u00eda impactar en los bolsillos de los colombianos y en la reputaci\u00f3n internacional del pa\u00eds.<\/p>\n<p id=\"p572712-m220-4-221\" class=\"parrafo\">De acuerdo con la\u00a0<b>Asociaci\u00f3n Nacional de Comercio Exterior (Analdex),<\/b>\u00a0en este apartado fiscal se encuentran las disposiciones que regulan la importaci\u00f3n de mercanc\u00edas por tr\u00e1fico postal y tr\u00e1ficos urgentes cuyo valor final no supere los US$200.<\/p>\n<p id=\"p572712-m226-5-227\" class=\"parrafo\"><i>\u201cCon el prop\u00f3sito de proteger la industria nacional, evitar el uso injustificado o abusos de la red de tratados de libre de comercio, se elimina el art\u00edculo que conten\u00eda las modificaciones al literal j) del art\u00edculo 428 del Estatuto Tributario. En consecuencia, tambi\u00e9n se deroga este literal, al ser altamente compleja la fiscalizaci\u00f3n y control de estas importaciones\u201d<\/i>, reza la propuesta fiscal.<\/p>\n<p id=\"p572712-m232-6-233\" class=\"parrafo\">De acuerdo con la agremiaci\u00f3n suprimir este art\u00edculo\u00a0<i>\u201csupondr\u00eda el incumplimiento del tratado de libre comercio con Estados Unidos\u201d<\/i>, ya que en el pacto est\u00e1 planteado este\u00a0<i>\u201ccompromiso\u201d<\/i>\u00a0que resulta\u00a0<i>\u201c\u00fatil para el comercio electr\u00f3nico\u201d.<\/i><\/p>\n<p id=\"p572712-m238-7-239\" class=\"parrafo\">Desde Analdex recuerdan que en\u00a0<b>la renegociaci\u00f3n del TLC con sus pares de Canad\u00e1 y M\u00e9xico, Estados Unidos subi\u00f3 el mismo umbral hasta los US$800.<\/b><\/p>\n<p id=\"p572712-m244-8-245\" class=\"parrafo\"><i>\u201cAqu\u00ed pretenden unilateralmente desconocer esto (el acuerdo) y abolir el umbral (de los US$200)\u201d,\u00a0<\/i>mencion\u00f3 Javier D\u00edaz, el presidente de la instituci\u00f3n gremial a Portafolio.<\/p>\n<p id=\"p572712-m250-9-251\" class=\"parrafo\">Asimismo, desde la instituci\u00f3n tambi\u00e9n llaman la atenci\u00f3n sobre otra propuesta planteada en el texto fiscal acerca de pedir certificaci\u00f3n de origen de los productos para beneficiarse del mencionado umbral.<\/p>\n<p id=\"p572712-m256-10-257\" class=\"parrafo\"><i>\u201cEn el acuerdo (de libre comercio) no hay condicionamientos (&#8230;) La aduana colombiana no tiene la capacidad para controlar que se cumpla el origen\u201d,<\/i>\u00a0apunt\u00f3 D\u00edaz Molina.<\/p>\n<p id=\"p572712-m262-11-263\" class=\"parrafo\">El l\u00edder empresarial mencion\u00f3 que actualmente hay tres millones de declaraciones ordinarias y en el caso de env\u00edos urgentes por avi\u00f3n -la figura que aplica- son 53 millones de paquetes.<\/p>\n<p id=\"p572712-m268-12-269\" class=\"parrafo\"><i>\u201cImposible controlar el origen de esta cantidad. Esto solo generar\u00eda corrupci\u00f3n (&#8230;) Lo mejor es cumplir nuestro compromiso y actuar como lo hacen los dem\u00e1s pa\u00edses\u201d,<\/i>\u00a0sentenci\u00f3 el empresario.<\/p>\n<p id=\"p572712-m274-13-275\" class=\"parrafo\">Para D\u00edaz Molina, esto incumplir\u00eda la buena reputaci\u00f3n que tiene Colombia y se prestar\u00eda para un posible bloqueo comercial por parte de los pa\u00edses socios<i>. \u201cSi incumplimos, tambi\u00e9n nos van a bloquear las compras por esta v\u00eda\u201d.<\/i><\/p>\n<p id=\"p572712-m280-14-281\" class=\"parrafo\">De acuerdo con lo advertido por el Consejo de Empresas Americanas (CEA), esta propuesta, al impactar sobre los acuerdos comerciales firmados, \u201c<i>tendr\u00eda consecuencias negativas para los importadores y consumidores colombianos en especial las mipymes, que suelen ser los principales beneficiarios del acceso y las oportunidades que ofrece el comercio electr\u00f3nico mundial\u201d.<\/i><\/p>\n<p id=\"p572712-m286-15-287\" class=\"parrafo\">Expertos coinciden en esta afirmaci\u00f3n, ya que se afectar\u00edan los negocios con China, donde procede un gran flujo de mercanc\u00eda.<\/p>\n<div id=\"p572712-m292-16-293\" class=\"highlighted\">\n<div id=\"m297-296-298\" class=\"tiemposBold3\">Empleos, otra de las preocupaciones del sector<\/div>\n<\/div>\n<p id=\"p572712-m304-17-305\" class=\"parrafo\">Entre las dem\u00e1s inquietudes que han presentado los actores del comercio exterior, se encuentra una particular sobre los empleos. De acuerdo, por ejemplo, con la Zona Franca de Bogot\u00e1,\u00a0<b>garantizar una cuota exportadora para las empresas que hacen parte de este r\u00e9gimen especial, hay cerca de 43.000 empleos que est\u00e1n en riesgo por la implementaci\u00f3n de esta figura.<\/b><\/p>\n<p id=\"p572712-m310-18-311\" class=\"parrafo\">En ese sentido, la instituci\u00f3n pidi\u00f3 al Gobierno Nacional,<i>\u00a0\u201cgarantizar la continuidad de las zonas francas con infraestructura social\u201d<\/i>, como aquellas destinadas a la salud; adem\u00e1s de preservar la seguridad jur\u00eddica de los inversionistas.<\/p>\n<p id=\"p572712-m316-19-317\" class=\"parrafo\">Por otro lado,\u00a0<b>el gremio de empresas estadounidenses levant\u00f3 la voz sobre la posibilidad de gravar a las empresas digitales.<\/b><\/p>\n<p>Tomado de: EL HERALDO<\/p>","protected":false},"excerpt":{"rendered":"<p>El tr\u00e1mite del proyecto de reforma tributaria del presidente Gustavo Petro sigue marcando la opini\u00f3n p\u00fablica del pa\u00eds y dejando opiniones divididas entre los protagonistas del texto fiscal. El sector de comercio exterior ha sido uno de los protagonistas de esta propuesta tributaria por un lado con el tema de los cambios en las zonas<\/p>","protected":false},"author":1,"featured_media":10082,"comment_status":"closed","ping_status":"closed","sticky":false,"template":"","format":"standard","meta":{"footnotes":""},"categories":[181],"tags":[],"class_list":["post-10081","post","type-post","status-publish","format-standard","has-post-thumbnail","hentry","category-noticias"],"views":185,"_links":{"self":[{"href":"https:\/\/www.amchambaq.com\/en\/wp-json\/wp\/v2\/posts\/10081","targetHints":{"allow":["GET"]}}],"collection":[{"href":"https:\/\/www.amchambaq.com\/en\/wp-json\/wp\/v2\/posts"}],"about":[{"href":"https:\/\/www.amchambaq.com\/en\/wp-json\/wp\/v2\/types\/post"}],"author":[{"embeddable":true,"href":"https:\/\/www.amchambaq.com\/en\/wp-json\/wp\/v2\/users\/1"}],"replies":[{"embeddable":true,"href":"https:\/\/www.amchambaq.com\/en\/wp-json\/wp\/v2\/comments?post=10081"}],"version-history":[{"count":1,"href":"https:\/\/www.amchambaq.com\/en\/wp-json\/wp\/v2\/posts\/10081\/revisions"}],"predecessor-version":[{"id":10083,"href":"https:\/\/www.amchambaq.com\/en\/wp-json\/wp\/v2\/posts\/10081\/revisions\/10083"}],"wp:featuredmedia":[{"embeddable":true,"href":"https:\/\/www.amchambaq.com\/en\/wp-json\/wp\/v2\/media\/10082"}],"wp:attachment":[{"href":"https:\/\/www.amchambaq.com\/en\/wp-json\/wp\/v2\/media?parent=10081"}],"wp:term":[{"taxonomy":"category","embeddable":true,"href":"https:\/\/www.amchambaq.com\/en\/wp-json\/wp\/v2\/categories?post=10081"},{"taxonomy":"post_tag","embeddable":true,"href":"https:\/\/www.amchambaq.com\/en\/wp-json\/wp\/v2\/tags?post=10081"}],"curies":[{"name":"wp","href":"https:\/\/api.w.org\/{rel}","templated":true}]}}