{"id":10059,"date":"2022-10-12T08:32:12","date_gmt":"2022-10-12T13:32:12","guid":{"rendered":"https:\/\/www.amchambaq.com\/?p=10059"},"modified":"2022-10-12T08:32:12","modified_gmt":"2022-10-12T13:32:12","slug":"reforma-desincentiva-llegada-de-inversion-a-las-zonas-francas","status":"publish","type":"post","link":"https:\/\/www.amchambaq.com\/en\/reforma-desincentiva-llegada-de-inversion-a-las-zonas-francas\/","title":{"rendered":"Reforma desincentiva llegada de inversi\u00f3n a las zonas francas"},"content":{"rendered":"<p>La generaci\u00f3n de\u00a0<strong>empleo\u00a0<\/strong>y la llegada de inversiones extranjeras a las\u00a0<strong>zonas francas\u00a0<\/strong>del pa\u00eds se ver\u00e1n afectadas con las disposiciones que establece la\u00a0<strong>reforma tributaria\u00a0<\/strong>para este sector.<\/p>\n<p>El gerente general de la\u00a0<strong>Zona Franca La Cayena<\/strong>, Manuel Herrera, se\u00f1al\u00f3 que no es conveniente el art\u00edculo del proyecto de reforma tributaria que establece umbrales de ventas que deben cumplir las compa\u00f1\u00edas ubicadas en las zonas francas.<\/p>\n<p>Para mantener la tarifa del\u00a0<strong>20 %<\/strong>\u00a0en el impuesto de renta las empresas no podr\u00e1n superar el tope m\u00e1ximo de ventas al territorio aduanero nacional del\u00a0<strong>40 %<\/strong>\u00a0en 2024; del\u00a0<strong>30 %<\/strong>\u00a0en 2025 y de 20 % de 2026 en adelante.<\/p>\n<p>En caso de que las\u00a0<strong>empresas\u00a0<\/strong>superen dicho umbral por tres a\u00f1os consecutivos, perder\u00edan su calificaci\u00f3n y los beneficios de\u00a0<strong>zona franca<\/strong>.\u00a0 Para las zonas francas costa afuera la tarifa se mantendr\u00eda en 20 %, sin sujetarse a los\u00a0<strong>umbrales<\/strong>.<\/p>\n<p>\u201cEste art\u00edculo no es favorable para la estabilidad jur\u00eddica de las compa\u00f1\u00edas que ya est\u00e1n instaladas en las zonas francas y pone en riesgo el empleo\u201d, dijo el empresario.<\/p>\n<p>En entrevista con<a href=\"https:\/\/www.elheraldo.co\/\" rel=\"nofollow\">\u00a0EL HERALDO\u00a0<\/a>destac\u00f3 que en Barranquilla las zonas francas generan m\u00e1s de 20 mil empleos directos y a nivel nacional son m\u00e1s de\u00a0<strong>150 mil<\/strong>, los cuales se ponen en riesgo con la aprobaci\u00f3n de este art\u00edculo. En la\u00a0<strong>Zona Franca La Cayena<\/strong>\u00a0se general unos 4 mil empleos directos y\u00a0<strong>8 mil indirectos<\/strong>.<\/p>\n<p>\u201c<strong>Estamos abiertos<\/strong>, las zonas francas tienen que exportar m\u00e1s y hacer inversiones, pero no nos pueden poner un articulado que es casi imposible de cumplir y que pone topes de ventas\u201d, agreg\u00f3 el empresario.<\/p>\n<p>Sostuvo que las empresas siguen trabajando en sus planes de internacionalizaci\u00f3n, pero no es conveniente poner\u00a0 topes que van en contra de los lineamientos del la\u00a0<strong>Organizaci\u00f3n Mundial del Comercio<\/strong>\u00a0(OMC).<\/p>\n<p>El\u00a0<strong>empresario\u00a0<\/strong>tambi\u00e9n resalt\u00f3 la importancia de los encadenamientos productivos que generan las empresas que est\u00e1n en las zonas francas.<\/p>\n<p>Tomado de: EL HERALDO<\/p>","protected":false},"excerpt":{"rendered":"<p>La generaci\u00f3n de\u00a0empleo\u00a0y la llegada de inversiones extranjeras a las\u00a0zonas francas\u00a0del pa\u00eds se ver\u00e1n afectadas con las disposiciones que establece la\u00a0reforma tributaria\u00a0para este sector. El gerente general de la\u00a0Zona Franca La Cayena, Manuel Herrera, se\u00f1al\u00f3 que no es conveniente el art\u00edculo del proyecto de reforma tributaria que establece umbrales de ventas que deben cumplir las<\/p>","protected":false},"author":1,"featured_media":10060,"comment_status":"closed","ping_status":"closed","sticky":false,"template":"","format":"standard","meta":{"footnotes":""},"categories":[181],"tags":[],"class_list":["post-10059","post","type-post","status-publish","format-standard","has-post-thumbnail","hentry","category-noticias"],"views":52,"_links":{"self":[{"href":"https:\/\/www.amchambaq.com\/en\/wp-json\/wp\/v2\/posts\/10059","targetHints":{"allow":["GET"]}}],"collection":[{"href":"https:\/\/www.amchambaq.com\/en\/wp-json\/wp\/v2\/posts"}],"about":[{"href":"https:\/\/www.amchambaq.com\/en\/wp-json\/wp\/v2\/types\/post"}],"author":[{"embeddable":true,"href":"https:\/\/www.amchambaq.com\/en\/wp-json\/wp\/v2\/users\/1"}],"replies":[{"embeddable":true,"href":"https:\/\/www.amchambaq.com\/en\/wp-json\/wp\/v2\/comments?post=10059"}],"version-history":[{"count":1,"href":"https:\/\/www.amchambaq.com\/en\/wp-json\/wp\/v2\/posts\/10059\/revisions"}],"predecessor-version":[{"id":10061,"href":"https:\/\/www.amchambaq.com\/en\/wp-json\/wp\/v2\/posts\/10059\/revisions\/10061"}],"wp:featuredmedia":[{"embeddable":true,"href":"https:\/\/www.amchambaq.com\/en\/wp-json\/wp\/v2\/media\/10060"}],"wp:attachment":[{"href":"https:\/\/www.amchambaq.com\/en\/wp-json\/wp\/v2\/media?parent=10059"}],"wp:term":[{"taxonomy":"category","embeddable":true,"href":"https:\/\/www.amchambaq.com\/en\/wp-json\/wp\/v2\/categories?post=10059"},{"taxonomy":"post_tag","embeddable":true,"href":"https:\/\/www.amchambaq.com\/en\/wp-json\/wp\/v2\/tags?post=10059"}],"curies":[{"name":"wp","href":"https:\/\/api.w.org\/{rel}","templated":true}]}}