{"id":10051,"date":"2022-10-11T08:46:06","date_gmt":"2022-10-11T13:46:06","guid":{"rendered":"https:\/\/www.amchambaq.com\/?p=10051"},"modified":"2022-10-11T08:46:06","modified_gmt":"2022-10-11T13:46:06","slug":"rebaja-en-tarifa-de-energia-sera-de-565-tras-acuerdo-con-generadoras","status":"publish","type":"post","link":"https:\/\/www.amchambaq.com\/en\/rebaja-en-tarifa-de-energia-sera-de-565-tras-acuerdo-con-generadoras\/","title":{"rendered":"Rebaja en tarifa de energ\u00eda ser\u00e1 de 5,65 % tras acuerdo con generadoras"},"content":{"rendered":"<p>Luego de varias semanas de expectativa por conocer el porcentaje de rebaja en las tarifas de\u00a0<strong>energ\u00eda<\/strong>\u00a0tras el acuerdo entre las generadoras y comercializadoras del servicio, este martes 11 de octubre se conoci\u00f3 que solo ser\u00e1 del 5,65 %.<\/p>\n<p>El porcentaje de rebaja fue confirmado por el gerente general de Air-e, John Jairo Toro, al indicar que los usuarios del servicio en\u00a0<strong>Atl\u00e1ntico\u00a0<\/strong>y el resto de la costa lo ver\u00e1n reflejado en el mes de noviembre.<\/p>\n<p>La noticia se vislumbraba desde que la presidenta de la\u00a0<strong>Asociaci\u00f3n Colombiana de Grandes Consumidores de Energ\u00eda Industriales\u00a0<\/strong>y\u00a0<strong>Comerciales (Asoenerg\u00eda),<\/strong>\u00a0Sandra Fonseca, advirti\u00f3 que &#8220;por ahora algunas ofertas y anuncios de algunas empresas que han dicho que se acogen, no llegan a una reducci\u00f3n del 20%&#8221;.<\/p>\n<p>La noticia entregada por Toro gener\u00f3 controversia y duros\u00a0<strong>cuestionamientos\u00a0<\/strong>entre los gremios econ\u00f3micos y los usuarios. Uno de esos sectores es el del comercio del centro.<\/p>\n<p>Dina Luz Pardo, directora ejecutiva de\u00a0<strong>Asocentro\u00a0<\/strong>calific\u00f3 de irrisorio la rebaja en las tarifas, sobre todo porque si se descuenta despu\u00e9s seguir\u00e1 golpeando a los usuarios.<br \/>\n&#8220;Si en el pronunciamiento del gobierno en el d\u00eda de ma\u00f1ana, no dan luces sobre lo que pasar\u00e1 con el rubro\u00a0<strong>P\u00c9RDIDAS\u00a0<\/strong>(casi el 30% de la tarifa), seguiremos en la misma incertidumbre y angustia. Descontarnos un 5% (irrisorio), por ejemplo, y cobrarlo diferido despu\u00e9s,\u00a0 es mezquino&#8221;, public\u00f3 Pardo a trav\u00e9s de la cuenta de Asocentro.<\/p>\n<p>Tomado de: EL HERALDO<\/p>","protected":false},"excerpt":{"rendered":"<p>Luego de varias semanas de expectativa por conocer el porcentaje de rebaja en las tarifas de\u00a0energ\u00eda\u00a0tras el acuerdo entre las generadoras y comercializadoras del servicio, este martes 11 de octubre se conoci\u00f3 que solo ser\u00e1 del 5,65 %. El porcentaje de rebaja fue confirmado por el gerente general de Air-e, John Jairo Toro, al indicar<\/p>","protected":false},"author":1,"featured_media":10052,"comment_status":"closed","ping_status":"closed","sticky":false,"template":"","format":"standard","meta":{"footnotes":""},"categories":[181],"tags":[],"class_list":["post-10051","post","type-post","status-publish","format-standard","has-post-thumbnail","hentry","category-noticias"],"views":73,"_links":{"self":[{"href":"https:\/\/www.amchambaq.com\/en\/wp-json\/wp\/v2\/posts\/10051","targetHints":{"allow":["GET"]}}],"collection":[{"href":"https:\/\/www.amchambaq.com\/en\/wp-json\/wp\/v2\/posts"}],"about":[{"href":"https:\/\/www.amchambaq.com\/en\/wp-json\/wp\/v2\/types\/post"}],"author":[{"embeddable":true,"href":"https:\/\/www.amchambaq.com\/en\/wp-json\/wp\/v2\/users\/1"}],"replies":[{"embeddable":true,"href":"https:\/\/www.amchambaq.com\/en\/wp-json\/wp\/v2\/comments?post=10051"}],"version-history":[{"count":1,"href":"https:\/\/www.amchambaq.com\/en\/wp-json\/wp\/v2\/posts\/10051\/revisions"}],"predecessor-version":[{"id":10053,"href":"https:\/\/www.amchambaq.com\/en\/wp-json\/wp\/v2\/posts\/10051\/revisions\/10053"}],"wp:featuredmedia":[{"embeddable":true,"href":"https:\/\/www.amchambaq.com\/en\/wp-json\/wp\/v2\/media\/10052"}],"wp:attachment":[{"href":"https:\/\/www.amchambaq.com\/en\/wp-json\/wp\/v2\/media?parent=10051"}],"wp:term":[{"taxonomy":"category","embeddable":true,"href":"https:\/\/www.amchambaq.com\/en\/wp-json\/wp\/v2\/categories?post=10051"},{"taxonomy":"post_tag","embeddable":true,"href":"https:\/\/www.amchambaq.com\/en\/wp-json\/wp\/v2\/tags?post=10051"}],"curies":[{"name":"wp","href":"https:\/\/api.w.org\/{rel}","templated":true}]}}