{"id":10011,"date":"2022-10-03T08:32:39","date_gmt":"2022-10-03T13:32:39","guid":{"rendered":"https:\/\/www.amchambaq.com\/?p=10011"},"modified":"2022-10-03T08:32:39","modified_gmt":"2022-10-03T13:32:39","slug":"lucha-antidrogas-tema-central-de-la-agenda-de-blinken-en-colombia","status":"publish","type":"post","link":"https:\/\/www.amchambaq.com\/en\/lucha-antidrogas-tema-central-de-la-agenda-de-blinken-en-colombia\/","title":{"rendered":"Lucha antidrogas, tema central de la agenda de Blinken en Colombia"},"content":{"rendered":"<p>El secretario de Estado de EE. UU.,\u00a0<strong>Antony Blinken<\/strong>, comienza este lunes una gira latinoamericana para acercar posturas con\u00a0<strong>Colombia, Chile y Per\u00fa,\u00a0<\/strong>ante el giro a la izquierda de sus gobiernos, la crisis migratoria y la creciente influencia de China en la regi\u00f3n.<\/p>\n<p>El l\u00edder de la diplomacia estadounidense mantendr\u00e1 encuentros de alto nivel con el presidente\u00a0<strong>Gustavo Petro<\/strong>, en Bogot\u00e1; con el chileno, Gabriel Boric, en Santiago, y con el peruano, Pedro Castillo, en Lima, donde tambi\u00e9n participar\u00e1 en la Asamblea General de la Organizaci\u00f3n de los Estados Americanos (OEA).<\/p>\n<div id=\"body\" class=\"content-article size-m\">\n<p>Acompa\u00f1ado de\u00a0<strong>Juan Gonz\u00e1lez<\/strong>, el principal asesor para Latinoam\u00e9rica del presidente<strong>\u00a0Joe Biden<\/strong>, Blinken intentar\u00e1 sortear las diferencias ideol\u00f3gicas con esos mandatarios para explorar \u00e1reas de cooperaci\u00f3n en materia migratoria y de combate al narcotr\u00e1fico.<\/p>\n<\/div>\n<div id=\"paragraphs\" class=\"content-article paragraphs size-m\">\n<div class=\"field-collection-container clearfix\">\n<div class=\"field field-name-field-contenido-articulos-2 field-type-field-collection field-label-hidden\">\n<div class=\"field-item even\">\n<div class=\"field-collection-view clearfix view-mode-full field-collection-view-final\">\n<div>\n<div class=\"content\">\n<div class=\"paragraphs-items paragraphs-items-field-campos paragraphs-items-field-campos-full paragraphs-items-full\">\n<div class=\"field field-name-field-campos field-type-paragraphs field-label-hidden\">\n<div class=\"field-item even\">\n<div id=\"relacionado-body\">\n<div class=\"box-title\">\n<p>En una llamada con periodistas, el encargado de Am\u00e9rica Latina en el Departamento de Estado, Brian Nichols, dijo que el acercamiento a estos tres Gobiernos no est\u00e1 relacionado con su postura ideol\u00f3gica.<\/p>\n<p>\u201cNo juzgamos a los pa\u00edses en funci\u00f3n de su posici\u00f3n en el espectro pol\u00edtico, sino en funci\u00f3n de su\u00a0<strong>compromiso con la democracia<\/strong>, el Estado de derecho y los derechos humanos\u201d, se\u00f1al\u00f3.<\/p>\n<p>La primera parada de la gira ser\u00e1 en Colombia, que hist\u00f3ricamente hab\u00eda sido el gran aliado de Estados Unidos en la zona.<\/p>\n<p>Washington observa con mucha atenci\u00f3n la reciente llegada al poder de Petro y su oposici\u00f3n frontal a la guerra contra el narcotr\u00e1fico patrocinada por Estados Unidos durante d\u00e9cadas.<\/p>\n<p>Blinken le propondr\u00e1 una \u201cestrategia integral\u201d para frenar el tr\u00e1fico de drogas que ponga \u00e9nfasis en las alternativas para los campesinos de cultivos il\u00edcitos y la defensa del medioambiente.<\/p>\n<p>El\u00a0<strong>acercamiento de Colombia con Venezuela<\/strong>, cuyos Gobiernos acaban de restablecer relaciones diplom\u00e1ticas, tambi\u00e9n estar\u00e1 en la agenda del secretario de Estado en su visita a Bogot\u00e1.<\/p>\n<p>Washington quiere que Petro intermedie para que el presidente venezolano, Nicol\u00e1s Maduro, reanude el di\u00e1logo con la oposici\u00f3n interrumpido en 2021.<\/p>\n<p>En medio de la crisis energ\u00e9tica por la guerra de Ucrania, Estados Unidos ha prometido aliviar sanciones al pa\u00eds petrolero si el gobierno de Maduro se sienta con los opositores.<\/p>\n<p>Adem\u00e1s, Blinken visitar\u00e1 en Colombia una estaci\u00f3n migratoria para demostrar su apoyo al estatuto temporal para migrantes venezolanos, una pol\u00edtica que considera un ejemplo para el resto de pa\u00edses.<\/p>\n<p>Petro, entre tanto, en su discurso ante la<strong>\u00a077 Asamblea General de la ONU\u00a0<\/strong>de hace un par de semanas, demand\u00f3 de la comunidad internacional y de EE. UU. cambios en la pol\u00edtica antidrogas, en las econom\u00edas de petr\u00f3leo y carb\u00f3n y un apoyo decidido para salvar la Amazon\u00eda: \u201cDenle un golpe de raz\u00f3n a su poder. Prendan de nuevo las luces del siglo. Cuarenta a\u00f1os ha durado la guerra contra las drogas, si no corregimos el rumbo y esta se prolonga otros 40 a\u00f1os, Estados Unidos ver\u00e1 morir de sobredosis a 2.800.000 j\u00f3venes por fentanilo, que no se produce en nuestra Am\u00e9rica Latina\u201d.<\/p>\n<p>Tomado de: EL HERALDO<\/p>\n<\/div>\n<\/div>\n<\/div>\n<\/div>\n<\/div>\n<\/div>\n<\/div>\n<\/div>\n<\/div>\n<\/div>\n<\/div>\n<\/div>","protected":false},"excerpt":{"rendered":"<p>El secretario de Estado de EE. UU.,\u00a0Antony Blinken, comienza este lunes una gira latinoamericana para acercar posturas con\u00a0Colombia, Chile y Per\u00fa,\u00a0ante el giro a la izquierda de sus gobiernos, la crisis migratoria y la creciente influencia de China en la regi\u00f3n. El l\u00edder de la diplomacia estadounidense mantendr\u00e1 encuentros de alto nivel con el presidente\u00a0Gustavo<\/p>","protected":false},"author":1,"featured_media":10012,"comment_status":"closed","ping_status":"closed","sticky":false,"template":"","format":"standard","meta":{"footnotes":""},"categories":[181],"tags":[],"class_list":["post-10011","post","type-post","status-publish","format-standard","has-post-thumbnail","hentry","category-noticias"],"views":66,"_links":{"self":[{"href":"https:\/\/www.amchambaq.com\/en\/wp-json\/wp\/v2\/posts\/10011","targetHints":{"allow":["GET"]}}],"collection":[{"href":"https:\/\/www.amchambaq.com\/en\/wp-json\/wp\/v2\/posts"}],"about":[{"href":"https:\/\/www.amchambaq.com\/en\/wp-json\/wp\/v2\/types\/post"}],"author":[{"embeddable":true,"href":"https:\/\/www.amchambaq.com\/en\/wp-json\/wp\/v2\/users\/1"}],"replies":[{"embeddable":true,"href":"https:\/\/www.amchambaq.com\/en\/wp-json\/wp\/v2\/comments?post=10011"}],"version-history":[{"count":1,"href":"https:\/\/www.amchambaq.com\/en\/wp-json\/wp\/v2\/posts\/10011\/revisions"}],"predecessor-version":[{"id":10013,"href":"https:\/\/www.amchambaq.com\/en\/wp-json\/wp\/v2\/posts\/10011\/revisions\/10013"}],"wp:featuredmedia":[{"embeddable":true,"href":"https:\/\/www.amchambaq.com\/en\/wp-json\/wp\/v2\/media\/10012"}],"wp:attachment":[{"href":"https:\/\/www.amchambaq.com\/en\/wp-json\/wp\/v2\/media?parent=10011"}],"wp:term":[{"taxonomy":"category","embeddable":true,"href":"https:\/\/www.amchambaq.com\/en\/wp-json\/wp\/v2\/categories?post=10011"},{"taxonomy":"post_tag","embeddable":true,"href":"https:\/\/www.amchambaq.com\/en\/wp-json\/wp\/v2\/tags?post=10011"}],"curies":[{"name":"wp","href":"https:\/\/api.w.org\/{rel}","templated":true}]}}