{"id":10000,"date":"2022-09-30T15:46:47","date_gmt":"2022-09-30T20:46:47","guid":{"rendered":"https:\/\/www.amchambaq.com\/?p=10000"},"modified":"2022-09-30T15:46:47","modified_gmt":"2022-09-30T20:46:47","slug":"secretario-de-estado-de-ee-uu-visitara-colombia-esta-sera-su-agenda","status":"publish","type":"post","link":"https:\/\/www.amchambaq.com\/en\/secretario-de-estado-de-ee-uu-visitara-colombia-esta-sera-su-agenda\/","title":{"rendered":"Secretario de Estado de EE. UU. visitar\u00e1 Colombia: esta ser\u00e1 su agenda"},"content":{"rendered":"<p><b>El jefe de la diplomacia estadounidense, Antony Blinken,<\/b>\u00a0viajar\u00e1 la pr\u00f3xima semana (la primera de octubre de 2022) a\u00a0<b>Colombia y Chile\u00a0<\/b>para establecer v\u00ednculos con los nuevos dirigentes izquierdistas de estos pa\u00edses con fuertes lazos hist\u00f3ricos con Estados Unidos, anunci\u00f3 este viernes el Departamento de Estado.<\/p>\n<p id=\"pnull-m200-3-201\" class=\"parrafo\"><b>La gira arrancar\u00e1 el lunes 3 de octubre,<\/b>\u00a0al d\u00eda siguiente de las elecciones generales en Brasil, donde el presidente de extrema derecha Jair Bolsonaro se enfrenta al \u00edcono izquierdista Luiz Inacio Lula da Silva.<\/p>\n<p id=\"pnull-m252-4-253\" class=\"parrafo\">Washington ha advertido esta semana que &#8220;<i>sigue de cerca<\/i>&#8221; los comicios en suelo brasile\u00f1o y pidi\u00f3 que sean &#8220;<i>libres y limpios<\/i>&#8220;.<\/p>\n<p id=\"pnull-m259-5-260\" class=\"parrafo\"><b>El lunes,\u00a0<\/b>Blinken viajar\u00e1 a\u00a0<b>Colombia,\u00a0<\/b>donde se reunir\u00e1 con\u00a0<b>el presidente Gustavo Petro.<\/b>\u00a0El mi\u00e9rcoles 5, Blinken ir\u00e1 a\u00a0<b>Chile<\/b>\u00a0y se reunir\u00e1 con el presidente<b>\u00a0Gabriel Boric.<\/b><\/p>\n<p id=\"pnull-m266-6-267\" class=\"parrafo\"><b><\/b>En el pa\u00eds austral, el secretario de Estado visitar\u00e1 el Coordinador El\u00e9ctrico Nacional, un organismo que controla la operaci\u00f3n del sistema el\u00e9ctrico de Chile, en un momento en el que Estados Unidos intenta promover las fuentes de\u00a0<b>energ\u00eda renovables.<\/b><\/p>\n<p id=\"pnull-m273-7-274\" class=\"parrafo\">Despu\u00e9s, viajar\u00e1 a Per\u00fa para participar en la\u00a0<b>asamblea general anual de la Organizaci\u00f3n de los Estados Americanos (OEA),\u00a0<\/b>en la que se reunir\u00e1 con el secretario general del bloque regional, Luis Almagro, y codirigir\u00e1 una reuni\u00f3n sobre la migraci\u00f3n irregular, un gran problema para Estados Unidos en su frontera con M\u00e9xico.<\/p>\n<p id=\"pnull-m280-8-281\" class=\"parrafo\">En Lima tambi\u00e9n mantendr\u00e1 un encuentro con el presidente peruano\u00a0<b>Pedro Castillo\u00a0<\/b>y altos cargos para hablar de seguridad regional, medio ambiente y desarrollo econ\u00f3mico.<\/p>\n<p id=\"pnull-m287-9-288\" class=\"parrafo\">Seg\u00fan el Departamento de Estado, Blinken centrar\u00e1 los viajes en las prioridades del gobierno del presidente Joe Biden: la democracia y la lucha contra el cambio clim\u00e1tico.<\/p>\n<div id=\"pnull-m301-10-302\" class=\"highlighted\">\n<div id=\"m306-305-307\" class=\"tiemposBold3\"><strong>La visita a Colombia<\/strong><\/div>\n<\/div>\n<p id=\"pnull-m294-10-295\" class=\"parrafo\">La primera parada de Blinken ser\u00e1 en Colombia, donde hablar\u00e1 &#8220;<i>del apoyo a gobiernos democr\u00e1ticos fuertes y el respeto por los derechos humanos<\/i>&#8221; en las Am\u00e9ricas y de la implementaci\u00f3n del acuerdo de paz de 2016, dijo el portavoz del Departamento de Estado, Ned Price, en el comunicado.<\/p>\n<p id=\"pnull-m314-12-315\" class=\"parrafo\">Tambi\u00e9n hablar\u00e1 de &#8220;<i>implementar un enfoque hol\u00edstico para contrarrestar el narcotr\u00e1fico y abordar sus impactos en la salud, la seguridad y el medio ambiente<\/i>&#8220;, dijo.<\/p>\n<p id=\"pnull-m321-13-322\" class=\"parrafo\"><b>Petro ha prometido traer una paz duradera a Colombia\u00a0<\/b>despu\u00e9s de seis d\u00e9cadas de violencia, en parte reformando el modelo de guerra contra las drogas (respaldado por Estados Unidos) para hacer hincapi\u00e9 en el consumo y no tanto en la producci\u00f3n.<\/p>\n<p id=\"pnull-m328-14-329\" class=\"parrafo\">Blinken tambi\u00e9n hablar\u00e1 en Colombia sobre la\u00a0<b>protecci\u00f3n en el pa\u00eds de los migrantes venezolanos,<\/b>\u00a0el cual considera &#8220;<i>un modelo para la regi\u00f3n<\/i>&#8220;, dijo Price.<\/p>\n<p>Tomado de: PORTAFOLIO<\/p>","protected":false},"excerpt":{"rendered":"<p>El jefe de la diplomacia estadounidense, Antony Blinken,\u00a0viajar\u00e1 la pr\u00f3xima semana (la primera de octubre de 2022) a\u00a0Colombia y Chile\u00a0para establecer v\u00ednculos con los nuevos dirigentes izquierdistas de estos pa\u00edses con fuertes lazos hist\u00f3ricos con Estados Unidos, anunci\u00f3 este viernes el Departamento de Estado. La gira arrancar\u00e1 el lunes 3 de octubre,\u00a0al d\u00eda siguiente de<\/p>","protected":false},"author":1,"featured_media":10001,"comment_status":"closed","ping_status":"closed","sticky":false,"template":"","format":"standard","meta":{"footnotes":""},"categories":[181],"tags":[],"class_list":["post-10000","post","type-post","status-publish","format-standard","has-post-thumbnail","hentry","category-noticias"],"views":62,"_links":{"self":[{"href":"https:\/\/www.amchambaq.com\/en\/wp-json\/wp\/v2\/posts\/10000","targetHints":{"allow":["GET"]}}],"collection":[{"href":"https:\/\/www.amchambaq.com\/en\/wp-json\/wp\/v2\/posts"}],"about":[{"href":"https:\/\/www.amchambaq.com\/en\/wp-json\/wp\/v2\/types\/post"}],"author":[{"embeddable":true,"href":"https:\/\/www.amchambaq.com\/en\/wp-json\/wp\/v2\/users\/1"}],"replies":[{"embeddable":true,"href":"https:\/\/www.amchambaq.com\/en\/wp-json\/wp\/v2\/comments?post=10000"}],"version-history":[{"count":1,"href":"https:\/\/www.amchambaq.com\/en\/wp-json\/wp\/v2\/posts\/10000\/revisions"}],"predecessor-version":[{"id":10002,"href":"https:\/\/www.amchambaq.com\/en\/wp-json\/wp\/v2\/posts\/10000\/revisions\/10002"}],"wp:featuredmedia":[{"embeddable":true,"href":"https:\/\/www.amchambaq.com\/en\/wp-json\/wp\/v2\/media\/10001"}],"wp:attachment":[{"href":"https:\/\/www.amchambaq.com\/en\/wp-json\/wp\/v2\/media?parent=10000"}],"wp:term":[{"taxonomy":"category","embeddable":true,"href":"https:\/\/www.amchambaq.com\/en\/wp-json\/wp\/v2\/categories?post=10000"},{"taxonomy":"post_tag","embeddable":true,"href":"https:\/\/www.amchambaq.com\/en\/wp-json\/wp\/v2\/tags?post=10000"}],"curies":[{"name":"wp","href":"https:\/\/api.w.org\/{rel}","templated":true}]}}